{"id":160550,"date":"2020-03-27T07:29:24","date_gmt":"2020-03-27T10:29:24","guid":{"rendered":"http:\/\/www.caririemacao.com\/1\/?p=160550"},"modified":"2020-03-27T07:29:26","modified_gmt":"2020-03-27T10:29:26","slug":"paraiba-confirma-setimo-caso-de-coronavirus-no-estado","status":"publish","type":"post","link":"https:\/\/www.caririemacao.com\/1\/2020\/03\/27\/paraiba-confirma-setimo-caso-de-coronavirus-no-estado\/","title":{"rendered":"Para\u00edba confirma s\u00e9timo caso de Coronav\u00edrus no Estado"},"content":{"rendered":"\n<p>A Secretaria de Estado da Sa\u00fade (SES) confirmou o s\u00e9timo caso do novo Coronav\u00edrus na Para\u00edba. O paciente seria um homem de 26 anos, residente da cidade de Sousa.<\/p>\n\n\n\n<p>O homem segue em isolamento domiciliar e est\u00e1 sendo acompanhado pela vigil\u00e2ncia do munic\u00edpio. Somente um paciente com diagn\u00f3stico confirmado de coronav\u00edrus na Para\u00edba permanece internado&nbsp;em observa\u00e7\u00e3o.<\/p>\n\n\n\n<p>A Para\u00edba n\u00e3o teve nenhuma morte confirmada pelo Covid-19. Foram 227 casos descartados e 33 pacientes internados.&nbsp;<\/p>\n","protected":false},"excerpt":{"rendered":"<p>A Secretaria de Estado da Sa\u00fade (SES) confirmou o s\u00e9timo caso do novo Coronav\u00edrus na Para\u00edba. O paciente seria um homem de 26 anos, residente&hellip; <\/p>\n","protected":false},"author":2,"featured_media":157876,"comment_status":"closed","ping_status":"closed","sticky":false,"template":"","format":"standard","meta":{"sfsi_plus_gutenberg_text_before_share":"","sfsi_plus_gutenberg_show_text_before_share":"","sfsi_plus_gutenberg_icon_type":"","sfsi_plus_gutenberg_icon_alignemt":"","sfsi_plus_gutenburg_max_per_row":"","footnotes":""},"categories":[50,2],"tags":[],"class_list":["post-160550","post","type-post","status-publish","format-standard","has-post-thumbnail","hentry","category-destaque","category-geral"],"_links":{"self":[{"href":"https:\/\/www.caririemacao.com\/1\/wp-json\/wp\/v2\/posts\/160550","targetHints":{"allow":["GET"]}}],"collection":[{"href":"https:\/\/www.caririemacao.com\/1\/wp-json\/wp\/v2\/posts"}],"about":[{"href":"https:\/\/www.caririemacao.com\/1\/wp-json\/wp\/v2\/types\/post"}],"author":[{"embeddable":true,"href":"https:\/\/www.caririemacao.com\/1\/wp-json\/wp\/v2\/users\/2"}],"replies":[{"embeddable":true,"href":"https:\/\/www.caririemacao.com\/1\/wp-json\/wp\/v2\/comments?post=160550"}],"version-history":[{"count":1,"href":"https:\/\/www.caririemacao.com\/1\/wp-json\/wp\/v2\/posts\/160550\/revisions"}],"predecessor-version":[{"id":160551,"href":"https:\/\/www.caririemacao.com\/1\/wp-json\/wp\/v2\/posts\/160550\/revisions\/160551"}],"wp:featuredmedia":[{"embeddable":true,"href":"https:\/\/www.caririemacao.com\/1\/wp-json\/wp\/v2\/media\/157876"}],"wp:attachment":[{"href":"https:\/\/www.caririemacao.com\/1\/wp-json\/wp\/v2\/media?parent=160550"}],"wp:term":[{"taxonomy":"category","embeddable":true,"href":"https:\/\/www.caririemacao.com\/1\/wp-json\/wp\/v2\/categories?post=160550"},{"taxonomy":"post_tag","embeddable":true,"href":"https:\/\/www.caririemacao.com\/1\/wp-json\/wp\/v2\/tags?post=160550"}],"curies":[{"name":"wp","href":"https:\/\/api.w.org\/{rel}","templated":true}]}}