{"id":160559,"date":"2020-03-27T07:34:18","date_gmt":"2020-03-27T10:34:18","guid":{"rendered":"http:\/\/www.caririemacao.com\/1\/?p=160559"},"modified":"2020-03-27T07:34:20","modified_gmt":"2020-03-27T10:34:20","slug":"moro-elogia-calvario-por-compra-de-respiradores","status":"publish","type":"post","link":"https:\/\/www.caririemacao.com\/1\/2020\/03\/27\/moro-elogia-calvario-por-compra-de-respiradores\/","title":{"rendered":"Moro elogia Calv\u00e1rio por compra de respiradores"},"content":{"rendered":"\n<p>O ministro da Justi\u00e7a e da Seguran\u00e7a P\u00fablica, S\u00e9rgio Moro, celebrou o uso do dinheiro recuperado pela Opera\u00e7\u00e3o Calv\u00e1rio para compra de aparelhos respirat\u00f3rios no combate ao Coronav\u00edrus na Para\u00edba.<\/p>\n\n\n\n<p>Nas redes sociais, Moro deu congratula\u00e7\u00f5es as institui\u00e7\u00f5es envolvidas nas investiga\u00e7\u00f5es que revelaram um desvio de pelo menos R$ 134 milh\u00f5es da Sa\u00fade nos governos de Ricardo Coutinho (PSB).<\/p>\n\n\n\n<p>\u201cDos cofres esp\u00farios da corrup\u00e7\u00e3o para hospitais da Para\u00edba. Entrega a hospitais de respiradores adquiridos com recursos obtidos pela Opera\u00e7\u00e3o Calv\u00e1rio. Congratula\u00e7\u00f5es \u00e0s institui\u00e7\u00f5es envolvidas\u201d, escreveu o ministro.<\/p>\n\n\n\n<p>Cerca de R$ 825 mil j\u00e1 foram utilizados para a aquisi\u00e7\u00e3o de 15 respiradores pulmonares para os&nbsp;hospitais da Para\u00edba.<\/p>\n\n\n\n<figure><iframe data-src=\"https:\/\/www.instagram.com\/p\/B-Ng42ulLWJ\/embed\/captioned\/?cr=1&amp;v=12&amp;wp=656&amp;rd=https%3A%2F%2Fwww.maispb.com.br&amp;rp=%2F455579%2Fmoro-celebra-dinheiro-recuperado-na-calvario-para-compra-de-respiradores-na-pb.html#%7B%22ci%22%3A0%2C%22os%22%3A4069.499999997788%2C%22ls%22%3A2239.000000001397%2C%22le%22%3A2398.9000000001397%7D\" allowfullscreen=\"true\" height=\"564\" src=\"data:image\/svg+xml;base64,PHN2ZyB3aWR0aD0iMSIgaGVpZ2h0PSIxIiB4bWxucz0iaHR0cDovL3d3dy53My5vcmcvMjAwMC9zdmciPjwvc3ZnPg==\" class=\"lazyload\" data-load-mode=\"1\"><\/iframe><\/figure>\n","protected":false},"excerpt":{"rendered":"<p>O ministro da Justi\u00e7a e da Seguran\u00e7a P\u00fablica, S\u00e9rgio Moro, celebrou o uso do dinheiro recuperado pela Opera\u00e7\u00e3o Calv\u00e1rio para compra de aparelhos respirat\u00f3rios no&hellip; <\/p>\n","protected":false},"author":2,"featured_media":101756,"comment_status":"closed","ping_status":"closed","sticky":false,"template":"","format":"standard","meta":{"sfsi_plus_gutenberg_text_before_share":"","sfsi_plus_gutenberg_show_text_before_share":"","sfsi_plus_gutenberg_icon_type":"","sfsi_plus_gutenberg_icon_alignemt":"","sfsi_plus_gutenburg_max_per_row":"","footnotes":""},"categories":[11],"tags":[],"class_list":["post-160559","post","type-post","status-publish","format-standard","has-post-thumbnail","hentry","category-politica"],"_links":{"self":[{"href":"https:\/\/www.caririemacao.com\/1\/wp-json\/wp\/v2\/posts\/160559","targetHints":{"allow":["GET"]}}],"collection":[{"href":"https:\/\/www.caririemacao.com\/1\/wp-json\/wp\/v2\/posts"}],"about":[{"href":"https:\/\/www.caririemacao.com\/1\/wp-json\/wp\/v2\/types\/post"}],"author":[{"embeddable":true,"href":"https:\/\/www.caririemacao.com\/1\/wp-json\/wp\/v2\/users\/2"}],"replies":[{"embeddable":true,"href":"https:\/\/www.caririemacao.com\/1\/wp-json\/wp\/v2\/comments?post=160559"}],"version-history":[{"count":1,"href":"https:\/\/www.caririemacao.com\/1\/wp-json\/wp\/v2\/posts\/160559\/revisions"}],"predecessor-version":[{"id":160560,"href":"https:\/\/www.caririemacao.com\/1\/wp-json\/wp\/v2\/posts\/160559\/revisions\/160560"}],"wp:featuredmedia":[{"embeddable":true,"href":"https:\/\/www.caririemacao.com\/1\/wp-json\/wp\/v2\/media\/101756"}],"wp:attachment":[{"href":"https:\/\/www.caririemacao.com\/1\/wp-json\/wp\/v2\/media?parent=160559"}],"wp:term":[{"taxonomy":"category","embeddable":true,"href":"https:\/\/www.caririemacao.com\/1\/wp-json\/wp\/v2\/categories?post=160559"},{"taxonomy":"post_tag","embeddable":true,"href":"https:\/\/www.caririemacao.com\/1\/wp-json\/wp\/v2\/tags?post=160559"}],"curies":[{"name":"wp","href":"https:\/\/api.w.org\/{rel}","templated":true}]}}