{"id":160576,"date":"2020-03-27T09:11:20","date_gmt":"2020-03-27T12:11:20","guid":{"rendered":"http:\/\/www.caririemacao.com\/1\/?p=160576"},"modified":"2020-03-27T09:11:22","modified_gmt":"2020-03-27T12:11:22","slug":"camara-de-sume-aprova-projeto-que-autoriza-executivo-a-realizar-acoes-durante-pandemia-do-coronavirus","status":"publish","type":"post","link":"https:\/\/www.caririemacao.com\/1\/2020\/03\/27\/camara-de-sume-aprova-projeto-que-autoriza-executivo-a-realizar-acoes-durante-pandemia-do-coronavirus\/","title":{"rendered":"C\u00e2mara de Sum\u00e9 aprova projeto que autoriza Executivo a realizar a\u00e7\u00f5es durante pandemia do coronav\u00edrus"},"content":{"rendered":"\n<p>Os vereadores aprovaram nesta quinta-feira, dia 26, o projeto de lei 587\/2020 de autoria do Poder Executivo, que disp\u00f5e sobre as medidas tempor\u00e1rias para enfrentamento da emerg\u00eancia de sa\u00fade p\u00fablica, decorrente da pandemia do COVID-19.<\/p>\n\n\n\n<p>Entre os pontos do projeto, destaca-se a quarentena, o isolamento social, a suspens\u00e3o de eventos de qualquer natureza com p\u00fablico superior a 10 (dez) pessoas, pelo per\u00edodo inicial de 30 (trinta) dias, pass\u00edvel de prorroga\u00e7\u00e3o, em caso de agravamento da pandemia.<\/p>\n\n\n\n<p>Est\u00e3o suspensas as viagens de servidores municipais a servi\u00e7o do Munic\u00edpio de Sum\u00e9 para deslocamento no territ\u00f3rio nacional ou no exterior, prova de vida dos servidores municipais inativos, f\u00e9rias de servidores de \u00e1reas essenciais ao enfrentamento da pandemia pelo per\u00edodo de 60 (sessenta dias).<\/p>\n\n\n\n<p>Fica antecipado o recesso escolar que ocorre sempre no meio de cada ano letivo, na Rede Municipal de Ensino, inclusive particular, devendo o recesso ser iniciado no dia 25 de mar\u00e7o de 2020 at\u00e9 o dia 17 de abril de 2020.<\/p>\n\n\n\n<p>Ficam autorizadas, no \u00e2mbito municipal, a realiza\u00e7\u00e3o de despesas, inclusive com dispensa de licita\u00e7\u00e3o, para a contrata\u00e7\u00e3o de profissionais e pessoas jur\u00eddicas, aquisi\u00e7\u00e3o de medicamentos, alimentos e outros bens necess\u00e1rios para o enfrentamento da pandemia, podendo, inclusive, serem distribu\u00eddos \u00e0 popula\u00e7\u00e3o que necessitar.<\/p>\n\n\n\n<p>Entre as medidas est\u00e3o a suspens\u00e3o provis\u00f3ria da cobran\u00e7a de IPTU, alugu\u00e9is de boxes do Mercado P\u00fablico e pr\u00e9dios p\u00fablicos (com exce\u00e7\u00e3o do pr\u00e9dio alugado ao Banco do Brasil.<\/p>\n\n\n\n<p>De acordo com o projeto, fica criado Comit\u00ea de Monitoramento das medidas de preven\u00e7\u00e3o e combate ao COVID-19, com representante do Gabinete do Prefeito, Secretaria da Assist\u00eancia Social, Secretaria da Sa\u00fade, Secretaria de Administra\u00e7\u00e3o, Secretaria da Educa\u00e7\u00e3o.<\/p>\n\n\n\n<p>Ascom\/C\u00e2mara<\/p>\n","protected":false},"excerpt":{"rendered":"<p>Os vereadores aprovaram nesta quinta-feira, dia 26, o projeto de lei 587\/2020 de autoria do Poder Executivo, que disp\u00f5e sobre as medidas tempor\u00e1rias para enfrentamento&hellip; <\/p>\n","protected":false},"author":2,"featured_media":160577,"comment_status":"closed","ping_status":"closed","sticky":false,"template":"","format":"standard","meta":{"sfsi_plus_gutenberg_text_before_share":"","sfsi_plus_gutenberg_show_text_before_share":"","sfsi_plus_gutenberg_icon_type":"","sfsi_plus_gutenberg_icon_alignemt":"","sfsi_plus_gutenburg_max_per_row":"","footnotes":""},"categories":[6,50],"tags":[],"class_list":["post-160576","post","type-post","status-publish","format-standard","has-post-thumbnail","hentry","category-cidades","category-destaque"],"_links":{"self":[{"href":"https:\/\/www.caririemacao.com\/1\/wp-json\/wp\/v2\/posts\/160576","targetHints":{"allow":["GET"]}}],"collection":[{"href":"https:\/\/www.caririemacao.com\/1\/wp-json\/wp\/v2\/posts"}],"about":[{"href":"https:\/\/www.caririemacao.com\/1\/wp-json\/wp\/v2\/types\/post"}],"author":[{"embeddable":true,"href":"https:\/\/www.caririemacao.com\/1\/wp-json\/wp\/v2\/users\/2"}],"replies":[{"embeddable":true,"href":"https:\/\/www.caririemacao.com\/1\/wp-json\/wp\/v2\/comments?post=160576"}],"version-history":[{"count":1,"href":"https:\/\/www.caririemacao.com\/1\/wp-json\/wp\/v2\/posts\/160576\/revisions"}],"predecessor-version":[{"id":160578,"href":"https:\/\/www.caririemacao.com\/1\/wp-json\/wp\/v2\/posts\/160576\/revisions\/160578"}],"wp:featuredmedia":[{"embeddable":true,"href":"https:\/\/www.caririemacao.com\/1\/wp-json\/wp\/v2\/media\/160577"}],"wp:attachment":[{"href":"https:\/\/www.caririemacao.com\/1\/wp-json\/wp\/v2\/media?parent=160576"}],"wp:term":[{"taxonomy":"category","embeddable":true,"href":"https:\/\/www.caririemacao.com\/1\/wp-json\/wp\/v2\/categories?post=160576"},{"taxonomy":"post_tag","embeddable":true,"href":"https:\/\/www.caririemacao.com\/1\/wp-json\/wp\/v2\/tags?post=160576"}],"curies":[{"name":"wp","href":"https:\/\/api.w.org\/{rel}","templated":true}]}}