{"id":160580,"date":"2020-03-27T11:57:34","date_gmt":"2020-03-27T14:57:34","guid":{"rendered":"http:\/\/www.caririemacao.com\/1\/?p=160580"},"modified":"2020-03-27T11:57:36","modified_gmt":"2020-03-27T14:57:36","slug":"secretaria-de-saude-confirma-1o-caso-de-coronavirus-em-campina-grande","status":"publish","type":"post","link":"https:\/\/www.caririemacao.com\/1\/2020\/03\/27\/secretaria-de-saude-confirma-1o-caso-de-coronavirus-em-campina-grande\/","title":{"rendered":"Secretaria de Sa\u00fade confirma 1\u00ba caso de coronav\u00edrus em Campina Grande"},"content":{"rendered":"\n<p><br>ASecretaria de Sa\u00fade do Estado divulgou, na manh\u00e3 desta sexta-feira, mais um balan\u00e7o do coronav\u00edrus na Para\u00edba.<\/p>\n\n\n\n<p>Os dados apontam o primeiro caso registrado em Campina Grande.<\/p>\n\n\n\n<figure class=\"wp-block-image\"><img decoding=\"async\" data-src=\"https:\/\/paraibaonline.com.br\/wp-content\/uploads\/2020\/03\/coronavirus0403209803.jpg\" alt=\"Para\u00edba Online \u2022 Secretaria de Sa\u00fade confirma 1\u00ba caso de coronav\u00edrus em Campina Grande\" class=\"wp-image-841708 lazyload\" src=\"data:image\/svg+xml;base64,PHN2ZyB3aWR0aD0iMSIgaGVpZ2h0PSIxIiB4bWxucz0iaHR0cDovL3d3dy53My5vcmcvMjAwMC9zdmciPjwvc3ZnPg==\" \/><\/figure>\n\n\n\n<p>Foto: Reprodu\u00e7\u00e3o<\/p>\n\n\n\n<p>Leia o boletim completo abaixo:<\/p>\n\n\n\n<p><strong>Governo da Para\u00edba<\/strong><br><strong>Secretaria de Estado da Sa\u00fade<\/strong><\/p>\n\n\n\n<p>Atualiza\u00e7\u00e3o COVID-19 27\/03 | 10h<\/p>\n\n\n\n<p><strong>Casos Confirmados: 09<\/strong><br><strong>Casos Descartados: 284<\/strong><br><strong>\u00d3bitos confirmados: 0<\/strong><\/p>\n\n\n\n<p>Dentre as amostras analisadas pelo LACEN-PB e Instituto Evandro Chagas divulgadas nesta sexta, 27, foram descartados 57 casos e confirmados mais 3 casos para COVID-19 no Estado da Para\u00edba.<\/p>\n\n\n\n<p>Homem, 26 anos, residente no munic\u00edpio de Sousa. O paciente segue em isolamento domiciliar acompanhado pela vigil\u00e2ncia municipal.<\/p>\n\n\n\n<p>Homem, 56 anos, residente em Jo\u00e3o Pessoa. Segue em isolamento domiciliar acompanhado pela vigil\u00e2ncia municipal.<\/p>\n\n\n\n<p>Homem, 42 anos, residente em Campina Grande. Esteve internado em hospital privado por uma semana e j\u00e1 est\u00e1 de alta m\u00e9dica, acompanhado pela vigil\u00e2ncia municipal.<\/p>\n\n\n\n<p>Com este resultado, a Para\u00edba passa a contabilizar 9 casos confirmados, sendo 5 na capital, Jo\u00e3o Pessoa, um em Igaracy, um em Sousa e um em Campina Grande. Apenas um desses casos, uma mulher de 55 anos, est\u00e1 internada em leito regular de hospital privado na capital.<\/p>\n\n\n\n<p><strong><em>Assessoria de Comunica\u00e7\u00e3o<\/em><\/strong><\/p>\n","protected":false},"excerpt":{"rendered":"<p>ASecretaria de Sa\u00fade do Estado divulgou, na manh\u00e3 desta sexta-feira, mais um balan\u00e7o do coronav\u00edrus na Para\u00edba. Os dados apontam o primeiro caso registrado em&hellip; <\/p>\n","protected":false},"author":2,"featured_media":160581,"comment_status":"closed","ping_status":"closed","sticky":false,"template":"","format":"standard","meta":{"sfsi_plus_gutenberg_text_before_share":"","sfsi_plus_gutenberg_show_text_before_share":"","sfsi_plus_gutenberg_icon_type":"","sfsi_plus_gutenberg_icon_alignemt":"","sfsi_plus_gutenburg_max_per_row":"","footnotes":""},"categories":[16],"tags":[],"class_list":["post-160580","post","type-post","status-publish","format-standard","has-post-thumbnail","hentry","category-saude"],"_links":{"self":[{"href":"https:\/\/www.caririemacao.com\/1\/wp-json\/wp\/v2\/posts\/160580","targetHints":{"allow":["GET"]}}],"collection":[{"href":"https:\/\/www.caririemacao.com\/1\/wp-json\/wp\/v2\/posts"}],"about":[{"href":"https:\/\/www.caririemacao.com\/1\/wp-json\/wp\/v2\/types\/post"}],"author":[{"embeddable":true,"href":"https:\/\/www.caririemacao.com\/1\/wp-json\/wp\/v2\/users\/2"}],"replies":[{"embeddable":true,"href":"https:\/\/www.caririemacao.com\/1\/wp-json\/wp\/v2\/comments?post=160580"}],"version-history":[{"count":1,"href":"https:\/\/www.caririemacao.com\/1\/wp-json\/wp\/v2\/posts\/160580\/revisions"}],"predecessor-version":[{"id":160582,"href":"https:\/\/www.caririemacao.com\/1\/wp-json\/wp\/v2\/posts\/160580\/revisions\/160582"}],"wp:featuredmedia":[{"embeddable":true,"href":"https:\/\/www.caririemacao.com\/1\/wp-json\/wp\/v2\/media\/160581"}],"wp:attachment":[{"href":"https:\/\/www.caririemacao.com\/1\/wp-json\/wp\/v2\/media?parent=160580"}],"wp:term":[{"taxonomy":"category","embeddable":true,"href":"https:\/\/www.caririemacao.com\/1\/wp-json\/wp\/v2\/categories?post=160580"},{"taxonomy":"post_tag","embeddable":true,"href":"https:\/\/www.caririemacao.com\/1\/wp-json\/wp\/v2\/tags?post=160580"}],"curies":[{"name":"wp","href":"https:\/\/api.w.org\/{rel}","templated":true}]}}