{"id":160585,"date":"2020-03-27T12:00:46","date_gmt":"2020-03-27T15:00:46","guid":{"rendered":"http:\/\/www.caririemacao.com\/1\/?p=160585"},"modified":"2020-03-27T12:00:48","modified_gmt":"2020-03-27T15:00:48","slug":"propaganda-do-governo-federal-pede-o-fim-de-isolamento","status":"publish","type":"post","link":"https:\/\/www.caririemacao.com\/1\/2020\/03\/27\/propaganda-do-governo-federal-pede-o-fim-de-isolamento\/","title":{"rendered":"Propaganda do governo federal pede o fim de isolamento"},"content":{"rendered":"\n<p>A defesa de uma pol\u00edtica leniente com a propaga\u00e7\u00e3o do novo coronav\u00edrus no pa\u00eds virou objeto de um v\u00eddeo de divulga\u00e7\u00e3o institucional da Presid\u00eancia de Jair Bolsonaro. Nele, a volta ao trabalho de regimes de confinamento \u00e9 estimulada, contrariando orienta\u00e7\u00f5es globais sobre o tema.<\/p>\n\n\n\n<p>A pe\u00e7a foi distribu\u00edda, em forma de teste, para as redes bolsonaristas. Nela, categorias como a dos aut\u00f4nomos e mesmo a dos profissionais da sa\u00fade s\u00e3o mostradas como desejosas de voltar ao regime normal de trabalho.<\/p>\n\n\n\n<p>\u201cO Brasil n\u00e3o pode parar\u201d, encerra cada trecho do v\u00eddeo, inclusive para os \u201cbrasileiros contaminados pelo coronav\u00edrus\u201d.<\/p>\n\n\n\n<p>O primog\u00eanito do cl\u00e3, o senador Fl\u00e1vio (RJ), foi o respons\u00e1vel por dar o chute inicial desta etapa da campanha #BrasilNaoPodeParar, em postagem no Facebook na noite de quinta (26). O filho presidencial \u00e9 o piv\u00f4 das investiga\u00e7\u00f5es criminais acerca de rela\u00e7\u00f5es entre mil\u00edcias e a fam\u00edlia Bolsonaro, al\u00e9m de um esquema de \u201crachadinha\u201d em seu ent\u00e3o gabinete na Assembleia Legislativa do Rio de Janeiro.<\/p>\n\n\n\n<p>A p\u00e1gina da Secom (Secretaria de Comunica\u00e7\u00e3o da Presid\u00eancia), cujo chefe, Fabio Wajngarten, foi contaminado pelo pat\u00f3geno, divulgou na quarta (25) a hashtag da campanha.<\/p>\n\n\n\n<p>Al\u00e9m disso, o pr\u00f3prio presidente postou em sua conta em rede social o v\u00eddeo de uma carreata realizada em Balne\u00e1rio Cambori\u00fa (SC) contr\u00e1ria ao isolamento social recomendado pela maioria dos governos que lidam com a pandemia e pela OMS (Organiza\u00e7\u00e3o Mundial da Sa\u00fade).<\/p>\n\n\n\n<p>A ofensiva mostra que Bolsonaro colocou todas suas fichas na hip\u00f3tese de que a pandemia, que j\u00e1 matou 77 brasileiros desde o primeiro caso registrado h\u00e1 um m\u00eas, ter\u00e1 impacto reduzido sobre a sa\u00fade p\u00fablica.<\/p>\n\n\n\n<p>Desde a emerg\u00eancia da quest\u00e3o sanit\u00e1ria, Bolsonaro tem sistematicamente negado a gravidade da infec\u00e7\u00e3o pelo v\u00edrus que causa a Covid-19. Em oposi\u00e7\u00e3o a ele, os 27 governadores de estado se uniram em uma frente pedindo recursos federais e medidas para aliviar o impacto econ\u00f4mico da crise.<\/p>\n\n\n\n<p>Os chefes estaduais foram na ocasi\u00e3o liderados n\u00e3o oficialmente por Jo\u00e3o Doria, o tucano que governa S\u00e3o Paulo, estado mais afetado pela crise. H\u00e1 dissid\u00eancias, como Santa Catarina, que adotaram o discurso de manuten\u00e7\u00e3o da atividade econ\u00f4mica.<\/p>\n\n\n\n<p>Como Doria \u00e9 presidenci\u00e1vel \u00f3bvio para 2022, Bolsonaro o elegeu como s\u00edmbolo do que chama de \u201chisteria\u201d em rela\u00e7\u00e3o \u00e0 pandemia. O tucano, na m\u00e3o contr\u00e1ria, escalou suas cr\u00edticas ao presidente.<\/p>\n\n\n\n<p>Com efeito, S\u00e3o Paulo \u00e9 a unidade da federa\u00e7\u00e3o em que as medidas de isolamento social recomendadas pela OMS est\u00e3o sendo aplicadas de forma mais r\u00edgida, ainda que graduais para tentar evitar um colapso econ\u00f4mico -o estado concentra 40% do Produto Interno Bruto do pa\u00eds.<\/p>\n\n\n\n<p>Os 46 milh\u00f5es de paulistas est\u00e3o sob quarentena desde ter\u00e7a (23), e a medida deve evoluir para o isolamento total da popula\u00e7\u00e3o neste momento de expans\u00e3o do cont\u00e1gio.<\/p>\n\n\n\n<p>Nesta semana, Doria e Bolsonaro se enfrentaram em uma videoconfer\u00eancia na qual o tucano criticou o pronunciamento do presidente em que ele criticou medidas como o fechamento de escolas, e recebeu em troca a acusa\u00e7\u00e3o de estar tentando se promover politicamente.<\/p>\n\n\n\n<p>O fato \u00e9 que os governadores se alinharam \u00e0s recomenda\u00e7\u00f5es da OMS em reuni\u00e3o na quarta que contou com a presen\u00e7a de Rodrigo Maia (DEM-RJ), o presidente da C\u00e2mara que tem agido como chefe do Legislativo na crise.<\/p>\n\n\n\n<p>Desde ent\u00e3o, Maia concedeu duas entrevistas em que criticou o governo e cobrou a\u00e7\u00e3o imediata de Bolsonaro para o envio de medidas emergenciais ao Congresso -sob pena de os parlamentares tomarem as mesmas.<\/p>\n\n\n\n<p>Nesta quinta, multiplicaram-se chamamentos virtuais a carreatas em favor da ideia bolsonarista de que o Brasil deveria voltar \u00e0 atividade, embora as quarentenas ainda sejam restritas a alguns estados, S\u00e3o Paulo \u00e0 frente. A ironia \u00e9 que s\u00e3o carreatas, supostamente formas mais seguras de protestar em tempos de coronav\u00edrus.<\/p>\n\n\n\n<p>Muitas convoca\u00e7\u00f5es est\u00e3o sendo feitas para a segunda (30), v\u00e9spera do anivers\u00e1rio de 56 anos do golpe militar de 1964, objeto de adora\u00e7\u00e3o de Bolsonaro.<\/p>\n\n\n\n<p>A disputa entre Bolsonaro e os Poderes constitu\u00eddos isolou o presidente. Primeiro foram os atos do dia 15, no qual manifestantes apoiados pessoalmente pelo presidente pediam o fechamento do Congresso e do Supremo, ainda que o titular do Planalto negasse a inten\u00e7\u00e3o.<\/p>\n\n\n\n<p>Foi ali que a emerg\u00eancia do coronav\u00edrus somou-se \u00e0 equa\u00e7\u00e3o da disputa pelo manejo de R$ 30 bilh\u00f5es do Or\u00e7amento, j\u00e1 que Bolsonaro abra\u00e7ou pessoas mesmo sob orienta\u00e7\u00e3o de estar sob quarentena devido ao contato com infectados em sua comitiva de uma viagem aos EUA, Wajngarten \u00e0 frente. Nada menos que 25 pessoas que tiveram contato com o presidente se contaminaram at\u00e9 agora.<\/p>\n\n\n\n<p>Depois, Bolsonaro conseguiu galvanizar os governadores contra si, e perdeu o apoio de alguns neste meio, como Ronaldo Caiado (DEM-GO), um dos s\u00edmbolos da antiga direita que estavam ao lado do presidente.<\/p>\n\n\n\n<p>Com tudo isso, a pe\u00e7a da Presid\u00eancia, ainda n\u00e3o chancelada para veicula\u00e7\u00e3o, entra como novo peda\u00e7o de lenha na fogueira da queda de bra\u00e7o entre Planalto e estados, no qual o Congresso est\u00e1 ao lado dos governadores.<\/p>\n","protected":false},"excerpt":{"rendered":"<p>A defesa de uma pol\u00edtica leniente com a propaga\u00e7\u00e3o do novo coronav\u00edrus no pa\u00eds virou objeto de um v\u00eddeo de divulga\u00e7\u00e3o institucional da Presid\u00eancia de&hellip; <\/p>\n","protected":false},"author":2,"featured_media":160586,"comment_status":"closed","ping_status":"closed","sticky":false,"template":"","format":"standard","meta":{"sfsi_plus_gutenberg_text_before_share":"","sfsi_plus_gutenberg_show_text_before_share":"","sfsi_plus_gutenberg_icon_type":"","sfsi_plus_gutenberg_icon_alignemt":"","sfsi_plus_gutenburg_max_per_row":"","footnotes":""},"categories":[2],"tags":[],"class_list":["post-160585","post","type-post","status-publish","format-standard","has-post-thumbnail","hentry","category-geral"],"_links":{"self":[{"href":"https:\/\/www.caririemacao.com\/1\/wp-json\/wp\/v2\/posts\/160585","targetHints":{"allow":["GET"]}}],"collection":[{"href":"https:\/\/www.caririemacao.com\/1\/wp-json\/wp\/v2\/posts"}],"about":[{"href":"https:\/\/www.caririemacao.com\/1\/wp-json\/wp\/v2\/types\/post"}],"author":[{"embeddable":true,"href":"https:\/\/www.caririemacao.com\/1\/wp-json\/wp\/v2\/users\/2"}],"replies":[{"embeddable":true,"href":"https:\/\/www.caririemacao.com\/1\/wp-json\/wp\/v2\/comments?post=160585"}],"version-history":[{"count":1,"href":"https:\/\/www.caririemacao.com\/1\/wp-json\/wp\/v2\/posts\/160585\/revisions"}],"predecessor-version":[{"id":160587,"href":"https:\/\/www.caririemacao.com\/1\/wp-json\/wp\/v2\/posts\/160585\/revisions\/160587"}],"wp:featuredmedia":[{"embeddable":true,"href":"https:\/\/www.caririemacao.com\/1\/wp-json\/wp\/v2\/media\/160586"}],"wp:attachment":[{"href":"https:\/\/www.caririemacao.com\/1\/wp-json\/wp\/v2\/media?parent=160585"}],"wp:term":[{"taxonomy":"category","embeddable":true,"href":"https:\/\/www.caririemacao.com\/1\/wp-json\/wp\/v2\/categories?post=160585"},{"taxonomy":"post_tag","embeddable":true,"href":"https:\/\/www.caririemacao.com\/1\/wp-json\/wp\/v2\/tags?post=160585"}],"curies":[{"name":"wp","href":"https:\/\/api.w.org\/{rel}","templated":true}]}}