{"id":160608,"date":"2020-03-27T14:25:49","date_gmt":"2020-03-27T17:25:49","guid":{"rendered":"http:\/\/www.caririemacao.com\/1\/?p=160608"},"modified":"2020-03-27T14:25:51","modified_gmt":"2020-03-27T17:25:51","slug":"coronavirus-ansiedade-tambem-prejudica-defesas-do-organismo","status":"publish","type":"post","link":"https:\/\/www.caririemacao.com\/1\/2020\/03\/27\/coronavirus-ansiedade-tambem-prejudica-defesas-do-organismo\/","title":{"rendered":"Coronav\u00edrus: ansiedade tamb\u00e9m prejudica defesas do organismo"},"content":{"rendered":"\n<p>Em junho de 2019, dados da Organiza\u00e7\u00e3o Mundial da Sa\u00fade j\u00e1 apontavam o brasileiro como o povo mais ansioso do mundo: eram 18,6 milh\u00f5es de pessoas, quase 10% da popula\u00e7\u00e3o, com sintomas de ansiedade no pa\u00eds. Nove meses depois, durante a pandemia de coronav\u00edrus no territ\u00f3rio, os sinais de p\u00e2nico n\u00e3o demoraram a surgir entre a popula\u00e7\u00e3o.&nbsp;<\/p>\n\n\n\n<p>&#8220;Na atual circunst\u00e2ncia, a enxurrada de informa\u00e7\u00f5es que recebemos no momento contribui para agravar quadros mais ansiosos. Como o isolamento \u00e9 in\u00e9dito para a popula\u00e7\u00e3o, o sentimento de histeria coletiva se acentua&#8221;, explica o diretor do Centro de Aten\u00e7\u00e3o \u00e0 Sa\u00fade Mental &#8211; Equil\u00edbrio, Yuri Busin.<\/p>\n\n\n\n<p>De acordo com Busin, \u00e9 a combina\u00e7\u00e3o entre informa\u00e7\u00f5es desencontradas \u00e0 respeito da doen\u00e7a aliada \u00e0 necessiade de isolamento para combater o surto que promove uma sensa\u00e7\u00e3o de p\u00e2nico coletivo na popula\u00e7\u00e3o.&nbsp;<\/p>\n\n\n\n<p>&#8220;Quando as pessoas sentem medo, geralmente existe algu\u00e9m para acalmar. Mas quando o medo \u00e9 coletivo, ela perde esse senso de apoio e as emo\u00e7\u00f5es v\u00e3o se alimentando.&#8221;<\/p>\n\n\n\n<p>O especialista compara o p\u00e2nico brasileiro a um cen\u00e1rio de guerra: &#8220;Come\u00e7amos a tomar atitudes irracionais, como fazer compras para um ano. As pessoas ficam cada vez mais ansiosas e passam por um sofrimento interior enorme.&#8221;<\/p>\n\n\n\n<p>Saulo Nader, neurologista do Hospital Albert Einstein, explica que o excesso de subst\u00e2ncias como adrenalina e noradrenalina \u2014 produzidas em momentos de pavor \u2014 podem levar ao colapso do c\u00e9rebro, fazendo com que nossas defesas caiam.<\/p>\n\n\n\n<p>\u201cEstranho seria n\u00e3o sentir o temor diante de tudo que vemos e ouvimos nesse per\u00edodo de crise. O problema \u00e9 que o receio e o medo podem dominar nossa mente e adoecer nosso c\u00e9rebro.\u201d<\/p>\n\n\n\n<p>Para combater o stress ps\u00edquico causado pela pandemia, os especialistas aconselham cuidar do corpo e mente.&nbsp;<\/p>\n\n\n\n<p>\u201cN\u00e3o abandone os exerc\u00edcios semanais. Caso n\u00e3o possa mais frequentar a academia ou encontrar seu personal, pratique atividade em casa ou ao ar livre.&#8221; explica Nader. J\u00e1 Busin orienta para a procura de psicoterapia: &#8220;Gra\u00e7as \u00e0 tecnologia nosso trabalho pode ser feito via videoconferencia. O que indico para todos os meus pacientes que est\u00e3o em casa \u00e9 manter a produtividade e n\u00e3o se focarem somente \u00e0s not\u00edcias em tempo real.&#8221;<\/p>\n","protected":false},"excerpt":{"rendered":"<p>Em junho de 2019, dados da Organiza\u00e7\u00e3o Mundial da Sa\u00fade j\u00e1 apontavam o brasileiro como o povo mais ansioso do mundo: eram 18,6 milh\u00f5es de&hellip; <\/p>\n","protected":false},"author":2,"featured_media":160609,"comment_status":"closed","ping_status":"closed","sticky":false,"template":"","format":"standard","meta":{"sfsi_plus_gutenberg_text_before_share":"","sfsi_plus_gutenberg_show_text_before_share":"","sfsi_plus_gutenberg_icon_type":"","sfsi_plus_gutenberg_icon_alignemt":"","sfsi_plus_gutenburg_max_per_row":"","footnotes":""},"categories":[16],"tags":[],"class_list":["post-160608","post","type-post","status-publish","format-standard","has-post-thumbnail","hentry","category-saude"],"_links":{"self":[{"href":"https:\/\/www.caririemacao.com\/1\/wp-json\/wp\/v2\/posts\/160608","targetHints":{"allow":["GET"]}}],"collection":[{"href":"https:\/\/www.caririemacao.com\/1\/wp-json\/wp\/v2\/posts"}],"about":[{"href":"https:\/\/www.caririemacao.com\/1\/wp-json\/wp\/v2\/types\/post"}],"author":[{"embeddable":true,"href":"https:\/\/www.caririemacao.com\/1\/wp-json\/wp\/v2\/users\/2"}],"replies":[{"embeddable":true,"href":"https:\/\/www.caririemacao.com\/1\/wp-json\/wp\/v2\/comments?post=160608"}],"version-history":[{"count":1,"href":"https:\/\/www.caririemacao.com\/1\/wp-json\/wp\/v2\/posts\/160608\/revisions"}],"predecessor-version":[{"id":160610,"href":"https:\/\/www.caririemacao.com\/1\/wp-json\/wp\/v2\/posts\/160608\/revisions\/160610"}],"wp:featuredmedia":[{"embeddable":true,"href":"https:\/\/www.caririemacao.com\/1\/wp-json\/wp\/v2\/media\/160609"}],"wp:attachment":[{"href":"https:\/\/www.caririemacao.com\/1\/wp-json\/wp\/v2\/media?parent=160608"}],"wp:term":[{"taxonomy":"category","embeddable":true,"href":"https:\/\/www.caririemacao.com\/1\/wp-json\/wp\/v2\/categories?post=160608"},{"taxonomy":"post_tag","embeddable":true,"href":"https:\/\/www.caririemacao.com\/1\/wp-json\/wp\/v2\/tags?post=160608"}],"curies":[{"name":"wp","href":"https:\/\/api.w.org\/{rel}","templated":true}]}}