{"id":160614,"date":"2020-03-27T14:27:15","date_gmt":"2020-03-27T17:27:15","guid":{"rendered":"http:\/\/www.caririemacao.com\/1\/?p=160614"},"modified":"2020-03-27T14:27:18","modified_gmt":"2020-03-27T17:27:18","slug":"covid-19-reeducandas-do-sistema-penitenciario-da-paraiba-produzem-mascaras","status":"publish","type":"post","link":"https:\/\/www.caririemacao.com\/1\/2020\/03\/27\/covid-19-reeducandas-do-sistema-penitenciario-da-paraiba-produzem-mascaras\/","title":{"rendered":"Covid-19: Reeducandas do Sistema Penitenci\u00e1rio da Para\u00edba produzem m\u00e1scaras"},"content":{"rendered":"\n<p><br>Oprojeto Castelo de Bonecas, desenvolvido por um grupo de reeducandas da Penitenci\u00e1ria Feminina \u201cMaria J\u00falia Maranh\u00e3o\u201d, em Jo\u00e3o Pessoa, foi temporariamente desativado e deu lugar \u00e0 produ\u00e7\u00e3o de um dos equipamentos de prote\u00e7\u00e3o individual (EPI) mais procurados no momento, a fim de evitar a propaga\u00e7\u00e3o do coronav\u00edrus: as m\u00e1scaras cir\u00fargicas.<\/p>\n\n\n\n<p>O objetivo \u00e9 suprir a demanda dos policiais penais e equipes de sa\u00fade em todo o Sistema Penitenci\u00e1rio \u2013 79 unidades prisionais, incluindo Penitenci\u00e1rias e Cadeias P\u00fablicas, bem como profissionais da Secretaria de Estado da Sa\u00fade.<\/p>\n\n\n\n<figure class=\"wp-block-image\"><img decoding=\"async\" data-src=\"https:\/\/paraibaonline.com.br\/wp-content\/uploads\/2020\/03\/reeducandas-pb2503.jpg\" alt=\"Foto: Secom\/PB\" class=\"wp-image-845756 lazyload\" src=\"data:image\/svg+xml;base64,PHN2ZyB3aWR0aD0iMSIgaGVpZ2h0PSIxIiB4bWxucz0iaHR0cDovL3d3dy53My5vcmcvMjAwMC9zdmciPjwvc3ZnPg==\" \/><\/figure>\n\n\n\n<p>Foto: Secom\/PB<\/p>\n\n\n\n<p>A a\u00e7\u00e3o est\u00e1 inclu\u00edda nas medidas de prote\u00e7\u00e3o e preven\u00e7\u00e3o ao cont\u00e1gio pelo novo coronav\u00edrus (Covid-19) adotadas pela Secretaria de Estado da Administra\u00e7\u00e3o Penitenci\u00e1ria (Seap), atendendo as determina\u00e7\u00f5es do Governo do Estado e das autoridades sanit\u00e1rias. A produ\u00e7\u00e3o das m\u00e1scaras come\u00e7ou nessa ter\u00e7a-feira (24).<\/p>\n\n\n\n<p>\u201cDevido a essa crise do coronav\u00edrus e, consequentemente, a aquisi\u00e7\u00e3o de EPI, sobretudo m\u00e1scaras cir\u00fargicas, fizemos uma aquisi\u00e7\u00e3o de TNT&nbsp;&nbsp;polipropileno, material utilizado para confec\u00e7\u00e3o de m\u00e1scaras cir\u00fargicas, e desativamos temporariamente a oficina Castelo de Bonecas e por tempo indeterminado vamos produzir as citadas m\u00e1scaras. Realizamos uma higieniza\u00e7\u00e3o no ambiente e todas as m\u00e1scaras ser\u00e3o esterilizadas nos aparelhos de autoclave dos consult\u00f3rios odontol\u00f3gicos das unidades que no momento est\u00e3o com as atividades suspensas, ou seja, iremos deslocar esses aparelhos para a unidade feminina\u201d, explicou o secret\u00e1rio de Administra\u00e7\u00e3o Penitenci\u00e1ria, S\u00e9rgio Fonseca.<\/p>\n\n\n\n<p>O secret\u00e1rio ressaltou que o Sistema Penitenci\u00e1rio da Para\u00edba \u00e9 um dos pioneiros na iniciativa de confeccionar as m\u00e1scaras e prop\u00e9s (sapatilha descart\u00e1vel). \u201cDiversos Estados do pa\u00eds est\u00e3o buscando mais detalhes para iniciar suas produ\u00e7\u00f5es locais para a fabrica\u00e7\u00e3o das m\u00e1scaras\u201d, observou, adiantando que foi estabelecido um cronograma de embalagem e distribui\u00e7\u00e3o das m\u00e1scaras para que o equipamento de prote\u00e7\u00e3o individual (EPI) chegue a todas as unidades prisionais. Em breve, a produ\u00e7\u00e3o ser\u00e1 estendida para as penitenci\u00e1rias femininas de Campina Grande, Patos e Cajazeiras.<\/p>\n\n\n\n<figure class=\"wp-block-image\"><img decoding=\"async\" data-src=\"https:\/\/paraibaonline.com.br\/wp-content\/uploads\/2020\/03\/mascaras2503.jpg\" alt=\"Foto: Secom\/PB\" class=\"wp-image-845757 lazyload\" src=\"data:image\/svg+xml;base64,PHN2ZyB3aWR0aD0iMSIgaGVpZ2h0PSIxIiB4bWxucz0iaHR0cDovL3d3dy53My5vcmcvMjAwMC9zdmciPjwvc3ZnPg==\" \/><\/figure>\n\n\n\n<p>Foto: Secom\/PB<\/p>\n\n\n\n<p>A confec\u00e7\u00e3o das m\u00e1scaras em polipropileno segue os padr\u00f5es estabelecidos pela Resolu\u00e7\u00e3o de Diretoria Colegiada da Ag\u00eancia Nacional de Vigil\u00e2ncia Nacional (Anvisa) \u2013 RDC n\u00ba 356\/2020, publicada no Di\u00e1rio Oficial da Uni\u00e3o, nesta ter\u00e7a-feira (24), em virtude da emerg\u00eancia de sa\u00fade p\u00fablica internacional relacionada ao Sars-CoV-2.<\/p>\n\n\n\n<p>O gerente executivo da Ressocializa\u00e7\u00e3o e idealizador do projeto, Jo\u00e3o Sit\u00f4nio Rosas Neto, destacou que as reeducandas que est\u00e3o confeccionando as m\u00e1scaras receberam treinamento pr\u00e9vio e toda produ\u00e7\u00e3o segue um r\u00edgido controle de qualidade. Elas usam touca, m\u00e1scara e prop\u00e9, al\u00e9m de obedecer a uma s\u00e9rie de procedimentos relacionados \u00e0 higieniza\u00e7\u00e3o das m\u00e3os durante o processo de fabrica\u00e7\u00e3o das m\u00e1scaras.<\/p>\n\n\n\n<p>\u201cN\u00f3s oportunizamos uma capacita\u00e7\u00e3o para que elas pudessem iniciar o processo produtivo de confec\u00e7\u00e3o das m\u00e1scaras de prote\u00e7\u00e3o e prop\u00e9s, bem como implantamos diversos POPs \u2013 Procedimentos Operacionais Padronizados, visando trazer mais seguran\u00e7a ao processo de confec\u00e7\u00e3o, atrav\u00e9s da realiza\u00e7\u00e3o do correto processo de limpeza e higieniza\u00e7\u00e3o do local de trabalho, insumos produtivos, maquin\u00e1rio e utens\u00edlios. As m\u00e1scaras s\u00e3o confeccionadas em polipropileno (TNT), possuem tr\u00eas camadas para a prote\u00e7\u00e3o adequada a quem fizer uso delas, tudo em conson\u00e2ncia com as normas estabelecidas pela RDC 356, da Anvisa\u201d, pontuou Jo\u00e3o Rosas, adiantando que&nbsp;&nbsp;pelo trabalho as reeducandas far\u00e3o jus \u00e0 remi\u00e7\u00e3o de parte de suas penas em conson\u00e2ncia com a Lei 7.210\/84 (Lei de Execu\u00e7\u00e3o Penal).<\/p>\n\n\n\n<p>Cinthya Almeida, diretora da Penitenci\u00e1ria Feminina \u201cMaria J\u00falia Maranh\u00e3o\u201d, unidade de refer\u00eancia feminina em ressocializa\u00e7\u00e3o no Estado da Para\u00edba e pioneira na produ\u00e7\u00e3o das m\u00e1scaras, informou que a produ\u00e7\u00e3o ocorrer\u00e1 de segunda a s\u00e1bado e j\u00e1 no primeiro dia centenas de m\u00e1scaras foram produzidas.<\/p>\n\n\n\n<p>&nbsp;\u201cAs reeducandas que est\u00e3o confeccionando as m\u00e1scaras j\u00e1 trabalham no Projeto Castelo de Bonecas e com os conhecimentos adquiridos, somados \u00e0 capacita\u00e7\u00e3o que receberam, poder\u00e3o contribuir sobremaneira para o atendimento das demandas da Seap e de outros segmentos. O empenho delas e de todos n\u00f3s \u00e9 fundamental nesse momento at\u00edpico que estamos vivendo. A Para\u00edba e o nosso pa\u00eds vencer\u00e3o esse v\u00edrus e temos muito orgulho em poder contribuir para a preven\u00e7\u00e3o dos policiais penais, profissionais de sa\u00fade em nosso estado, reeducandos e reeducandas e toda a sociedade\u201d, ressaltou.<\/p>\n","protected":false},"excerpt":{"rendered":"<p>Oprojeto Castelo de Bonecas, desenvolvido por um grupo de reeducandas da Penitenci\u00e1ria Feminina \u201cMaria J\u00falia Maranh\u00e3o\u201d, em Jo\u00e3o Pessoa, foi temporariamente desativado e deu lugar&hellip; <\/p>\n","protected":false},"author":2,"featured_media":160615,"comment_status":"closed","ping_status":"closed","sticky":false,"template":"","format":"standard","meta":{"sfsi_plus_gutenberg_text_before_share":"","sfsi_plus_gutenberg_show_text_before_share":"","sfsi_plus_gutenberg_icon_type":"","sfsi_plus_gutenberg_icon_alignemt":"","sfsi_plus_gutenburg_max_per_row":"","footnotes":""},"categories":[2],"tags":[],"class_list":["post-160614","post","type-post","status-publish","format-standard","has-post-thumbnail","hentry","category-geral"],"_links":{"self":[{"href":"https:\/\/www.caririemacao.com\/1\/wp-json\/wp\/v2\/posts\/160614","targetHints":{"allow":["GET"]}}],"collection":[{"href":"https:\/\/www.caririemacao.com\/1\/wp-json\/wp\/v2\/posts"}],"about":[{"href":"https:\/\/www.caririemacao.com\/1\/wp-json\/wp\/v2\/types\/post"}],"author":[{"embeddable":true,"href":"https:\/\/www.caririemacao.com\/1\/wp-json\/wp\/v2\/users\/2"}],"replies":[{"embeddable":true,"href":"https:\/\/www.caririemacao.com\/1\/wp-json\/wp\/v2\/comments?post=160614"}],"version-history":[{"count":1,"href":"https:\/\/www.caririemacao.com\/1\/wp-json\/wp\/v2\/posts\/160614\/revisions"}],"predecessor-version":[{"id":160616,"href":"https:\/\/www.caririemacao.com\/1\/wp-json\/wp\/v2\/posts\/160614\/revisions\/160616"}],"wp:featuredmedia":[{"embeddable":true,"href":"https:\/\/www.caririemacao.com\/1\/wp-json\/wp\/v2\/media\/160615"}],"wp:attachment":[{"href":"https:\/\/www.caririemacao.com\/1\/wp-json\/wp\/v2\/media?parent=160614"}],"wp:term":[{"taxonomy":"category","embeddable":true,"href":"https:\/\/www.caririemacao.com\/1\/wp-json\/wp\/v2\/categories?post=160614"},{"taxonomy":"post_tag","embeddable":true,"href":"https:\/\/www.caririemacao.com\/1\/wp-json\/wp\/v2\/tags?post=160614"}],"curies":[{"name":"wp","href":"https:\/\/api.w.org\/{rel}","templated":true}]}}