{"id":160619,"date":"2020-03-27T14:28:54","date_gmt":"2020-03-27T17:28:54","guid":{"rendered":"http:\/\/www.caririemacao.com\/1\/?p=160619"},"modified":"2020-03-27T14:28:56","modified_gmt":"2020-03-27T17:28:56","slug":"governo-anuncia-r-40-bi-para-financiar-salario-do-trabalhador-de-pequenas-e-medias-empresas","status":"publish","type":"post","link":"https:\/\/www.caririemacao.com\/1\/2020\/03\/27\/governo-anuncia-r-40-bi-para-financiar-salario-do-trabalhador-de-pequenas-e-medias-empresas\/","title":{"rendered":"Governo anuncia R$ 40 bi para financiar sal\u00e1rio do trabalhador de pequenas e m\u00e9dias empresas"},"content":{"rendered":"\n<p>O governo federal anunciou nesta sexta-feira (27) uma linha de cr\u00e9dito emergencial para pequenas e m\u00e9dias empresas e que vai financiar sal\u00e1rios pelo per\u00edodo de dois meses.<\/p>\n\n\n\n<p>Anunciado pelo presidente Jair Bolsonaro e pelo presidente do Banco Central, Roberto Campos Neto, o programa vai disponibilizar no m\u00e1ximo R$ 20 bilh\u00f5es por m\u00eas, ou seja, R$ 40 bilh\u00f5es em dois meses.<\/p>\n\n\n\n<p>De acordo com Campos Neto, por\u00e9m, o dinheiro vai financiar, no m\u00e1ximo, dois sal\u00e1rios m\u00ednimos por trabalhador.<\/p>\n\n\n\n<p>Isso significa que quem j\u00e1 tem sal\u00e1rio de at\u00e9 dois sal\u00e1rios m\u00ednimos continuar\u00e1 a ter o mesmo rendimento. Entretanto, para os funcion\u00e1rios que ganham acima de dois sal\u00e1rios, o financiamento ficar\u00e1 limitado a dois sal\u00e1rios m\u00ednimos.<\/p>\n\n\n\n<p>No caso de um funcion\u00e1rio que ganhe, por exemplo, R$ 5 mil por m\u00eas, vai ficar a crit\u00e9rio da empresa complementar o valor acima de dois sal\u00e1rios m\u00ednimos.<\/p>\n\n\n\n<p>Ainda de acordo com o presidente do BC:<\/p>\n\n\n\n<ul class=\"wp-block-list\"><li>o financiamento estar\u00e1 dispon\u00edvel para empresas com faturamento entre R$ 360 mil e R$ 10 milh\u00f5es por ano;<\/li><li>o dinheiro ser\u00e1 exclusivo para folha de pagamento;<\/li><li>a empresa ter\u00e1 6 meses de car\u00eancia e 36 meses para pagar o empr\u00e9stimo;<\/li><li>os juros ser\u00e3o de 3,75% ao ano.<\/li><\/ul>\n\n\n\n<p>Al\u00e9m disso, informou o presidente do Banco Central, as empresas que contratarem essa linha de cr\u00e9dito n\u00e3o poder\u00e3o demitir funcion\u00e1rios pelo per\u00edodo de dois meses.<\/p>\n\n\n\n<p>&#8220;O dinheiro vai direto para a folha de pagamento. A empresa fecha o contrato com o banco, mas o dinheiro vai direto para o funcion\u00e1rio, cai direto no cpf do funcion\u00e1rio. A empresa fica s\u00f3 com a d\u00edvida&#8221;, disse Campos Neto.<\/p>\n\n\n\n<p>De acordo como presidente, a previs\u00e3o \u00e9 que sejam beneficiadas pela medida 1,4 milh\u00e3o de pequenas e m\u00e9dias empresas do pa\u00eds, num total de 2,2 milh\u00f5es de pessoas.<\/p>\n","protected":false},"excerpt":{"rendered":"<p>O governo federal anunciou nesta sexta-feira (27) uma linha de cr\u00e9dito emergencial para pequenas e m\u00e9dias empresas e que vai financiar sal\u00e1rios pelo per\u00edodo de&hellip; <\/p>\n","protected":false},"author":2,"featured_media":160620,"comment_status":"closed","ping_status":"closed","sticky":false,"template":"","format":"standard","meta":{"sfsi_plus_gutenberg_text_before_share":"","sfsi_plus_gutenberg_show_text_before_share":"","sfsi_plus_gutenberg_icon_type":"","sfsi_plus_gutenberg_icon_alignemt":"","sfsi_plus_gutenburg_max_per_row":"","footnotes":""},"categories":[11],"tags":[],"class_list":["post-160619","post","type-post","status-publish","format-standard","has-post-thumbnail","hentry","category-politica"],"_links":{"self":[{"href":"https:\/\/www.caririemacao.com\/1\/wp-json\/wp\/v2\/posts\/160619","targetHints":{"allow":["GET"]}}],"collection":[{"href":"https:\/\/www.caririemacao.com\/1\/wp-json\/wp\/v2\/posts"}],"about":[{"href":"https:\/\/www.caririemacao.com\/1\/wp-json\/wp\/v2\/types\/post"}],"author":[{"embeddable":true,"href":"https:\/\/www.caririemacao.com\/1\/wp-json\/wp\/v2\/users\/2"}],"replies":[{"embeddable":true,"href":"https:\/\/www.caririemacao.com\/1\/wp-json\/wp\/v2\/comments?post=160619"}],"version-history":[{"count":1,"href":"https:\/\/www.caririemacao.com\/1\/wp-json\/wp\/v2\/posts\/160619\/revisions"}],"predecessor-version":[{"id":160621,"href":"https:\/\/www.caririemacao.com\/1\/wp-json\/wp\/v2\/posts\/160619\/revisions\/160621"}],"wp:featuredmedia":[{"embeddable":true,"href":"https:\/\/www.caririemacao.com\/1\/wp-json\/wp\/v2\/media\/160620"}],"wp:attachment":[{"href":"https:\/\/www.caririemacao.com\/1\/wp-json\/wp\/v2\/media?parent=160619"}],"wp:term":[{"taxonomy":"category","embeddable":true,"href":"https:\/\/www.caririemacao.com\/1\/wp-json\/wp\/v2\/categories?post=160619"},{"taxonomy":"post_tag","embeddable":true,"href":"https:\/\/www.caririemacao.com\/1\/wp-json\/wp\/v2\/tags?post=160619"}],"curies":[{"name":"wp","href":"https:\/\/api.w.org\/{rel}","templated":true}]}}