{"id":160625,"date":"2020-03-27T14:30:40","date_gmt":"2020-03-27T17:30:40","guid":{"rendered":"http:\/\/www.caririemacao.com\/1\/?p=160625"},"modified":"2020-03-27T14:30:41","modified_gmt":"2020-03-27T17:30:41","slug":"sem-licitacao-campanha-publicitaria-brasil-nao-pode-parar-vai-custar-r-48-milhoes","status":"publish","type":"post","link":"https:\/\/www.caririemacao.com\/1\/2020\/03\/27\/sem-licitacao-campanha-publicitaria-brasil-nao-pode-parar-vai-custar-r-48-milhoes\/","title":{"rendered":"Sem licita\u00e7\u00e3o, campanha publicit\u00e1ria &#8216;Brasil N\u00e3o Pode Parar&#8217; vai custar R$ 4,8 milh\u00f5es"},"content":{"rendered":"\n<p>O colunista da revista \u00c9poca, Guilherme Amado, divulgou em seu blog, nesta sexta-feira (27), detalhes da campanha publicit\u00e1ria encomendada pelo Governo Federal para defender a tese do isolamento vertical. A campanha &#8211; com o slogan &#8220;O Brasil N\u00e3o Pode Parar&#8221; &#8211; vai custar R$ 4,8 milh\u00f5es (R$ 4.897.855,00). A contrata\u00e7\u00e3o foi classificada com emergencial e, por esta raz\u00e3o, realizada sem licita\u00e7\u00e3o. O conte\u00fado est\u00e1 sendo produzido pela ag\u00eancia iComunica\u00e7\u00e3o.<\/p>\n\n\n\n<p>O colunista explicou que a contrata\u00e7\u00e3o sem licita\u00e7\u00e3o neste caso n\u00e3o \u00e9 ilegal, pois um decreto de Bolsonaro autorizou a Secretaria de Comunica\u00e7\u00e3o (Secom) a fazer a contrata\u00e7\u00e3o com dispensa de licita\u00e7\u00e3o. A Secom avaliou tr\u00eas propostas. O martelo foi batido por Carlos Bolsonaro. O Secret\u00e1rio Fabio Wajngarten ainda n\u00e3o voltou totalmente \u00e0 ativa.<\/p>\n\n\n\n<p>O governo federal se prepara para colocara campanha no ar possivelmente j\u00e1 amanh\u00e3. A pe\u00e7a central \u00e9 um v\u00eddeo, ainda n\u00e3o finalizado, mas que j\u00e1 foi distribu\u00eddo para a milit\u00e2ncia digital do presidente e circula em grupos de WhatsApp, em que um narrador menciona categorias profissionais e martela que o pa\u00eds n\u00e3o pode parar por eles.<\/p>\n\n\n\n<p>Diz o narrador:<\/p>\n\n\n\n<p>\u201cPara os pacientes das mais diversas doen\u00e7as e os heroicos profissionais de sa\u00fade que deles cuidam, para os brasileiros contaminados pelo coronav\u00edrus, para todos que dependem de atendimento e da chegada de rem\u00e9dios e equipamentos, o Brasil n\u00e3o pode parar. Para quem defende a vida dos brasileiros e as condi\u00e7\u00f5es para que todos vivam com qualidade, sa\u00fade e dignidade, o Brasil n\u00e3o pode parar&#8221;.<\/p>\n\n\n\n<p>O Instagram do governo federal publicou h\u00e1 pouco sobre a nova campanha, com a hashtag #OBrasilN\u00e3oPodeParar:<\/p>\n\n\n\n<p>&#8220;Para todos os demais, distanciamento, aten\u00e7\u00e3o redobrada e muita responsabilidade. Vamos, com cuidado e consci\u00eancia, voltar \u00e0 normalidade&#8221;, afirma a postagem \u2014 o que \u00e9 desaconselhado pelas principais autoridades sanit\u00e1rias do mundo.<\/p>\n\n\n\n<p>O isolamento vertical, defendido na campanha, prev\u00ea que pessoas de grupos de risco para o Covid-19, como idosos e pessoas com doen\u00e7as respirat\u00f3rias, permane\u00e7am isoladas, enquanto as outras pessoas seguem com suas vidas normais. A efic\u00e1cia desse m\u00e9todo \u00e9 contestada por diversas autoridades sanit\u00e1rias ao redor do mundo.<\/p>\n","protected":false},"excerpt":{"rendered":"<p>O colunista da revista \u00c9poca, Guilherme Amado, divulgou em seu blog, nesta sexta-feira (27), detalhes da campanha publicit\u00e1ria encomendada pelo Governo Federal para defender a&hellip; <\/p>\n","protected":false},"author":2,"featured_media":160627,"comment_status":"closed","ping_status":"closed","sticky":false,"template":"","format":"standard","meta":{"sfsi_plus_gutenberg_text_before_share":"","sfsi_plus_gutenberg_show_text_before_share":"","sfsi_plus_gutenberg_icon_type":"","sfsi_plus_gutenberg_icon_alignemt":"","sfsi_plus_gutenburg_max_per_row":"","footnotes":""},"categories":[11],"tags":[],"class_list":["post-160625","post","type-post","status-publish","format-standard","has-post-thumbnail","hentry","category-politica"],"_links":{"self":[{"href":"https:\/\/www.caririemacao.com\/1\/wp-json\/wp\/v2\/posts\/160625","targetHints":{"allow":["GET"]}}],"collection":[{"href":"https:\/\/www.caririemacao.com\/1\/wp-json\/wp\/v2\/posts"}],"about":[{"href":"https:\/\/www.caririemacao.com\/1\/wp-json\/wp\/v2\/types\/post"}],"author":[{"embeddable":true,"href":"https:\/\/www.caririemacao.com\/1\/wp-json\/wp\/v2\/users\/2"}],"replies":[{"embeddable":true,"href":"https:\/\/www.caririemacao.com\/1\/wp-json\/wp\/v2\/comments?post=160625"}],"version-history":[{"count":1,"href":"https:\/\/www.caririemacao.com\/1\/wp-json\/wp\/v2\/posts\/160625\/revisions"}],"predecessor-version":[{"id":160628,"href":"https:\/\/www.caririemacao.com\/1\/wp-json\/wp\/v2\/posts\/160625\/revisions\/160628"}],"wp:featuredmedia":[{"embeddable":true,"href":"https:\/\/www.caririemacao.com\/1\/wp-json\/wp\/v2\/media\/160627"}],"wp:attachment":[{"href":"https:\/\/www.caririemacao.com\/1\/wp-json\/wp\/v2\/media?parent=160625"}],"wp:term":[{"taxonomy":"category","embeddable":true,"href":"https:\/\/www.caririemacao.com\/1\/wp-json\/wp\/v2\/categories?post=160625"},{"taxonomy":"post_tag","embeddable":true,"href":"https:\/\/www.caririemacao.com\/1\/wp-json\/wp\/v2\/tags?post=160625"}],"curies":[{"name":"wp","href":"https:\/\/api.w.org\/{rel}","templated":true}]}}