{"id":160633,"date":"2020-03-27T16:50:09","date_gmt":"2020-03-27T19:50:09","guid":{"rendered":"http:\/\/www.caririemacao.com\/1\/?p=160633"},"modified":"2020-03-27T16:50:11","modified_gmt":"2020-03-27T19:50:11","slug":"presidente-do-crm-pb-testa-positivo-pro-novo-coronavirus","status":"publish","type":"post","link":"https:\/\/www.caririemacao.com\/1\/2020\/03\/27\/presidente-do-crm-pb-testa-positivo-pro-novo-coronavirus\/","title":{"rendered":"Presidente do CRM-PB testa positivo pro novo coronav\u00edrus"},"content":{"rendered":"\n<p>O presidente do Conselho Regional de Medicina da Para\u00edba (CRM-PB), Roberto Magliano de Morais, testou positivo para o novo coronav\u00edrus (Covid-19), conforme nota publicada pelo \u00f3rg\u00e3o nesta sexta-feira (27). Roberto Magliano, de 56 anos, \u00e9 um dos\u00a0tr\u00eas novos casos confirmados no estado divulgados nesta sexta-feira\u00a0pela Secretaria de Estado da Sa\u00fade. Magliano \u00e9 o homem de 56 anos que foi diagnosticado em Jo\u00e3o Pessoa.<\/p>\n\n\n\n<p>Na nota divulgada pelo CRM-PB o m\u00e9dico explica que fez o teste para Covid-19 no dia 16 de mar\u00e7o. \u201c\u00c9 importante esclarecer que a partir dos primeiros sintomas, nesta mesma data, imediatamente comuniquei \u00e0 Vigil\u00e2ncia Epidemiol\u00f3gica e guardei isolamento domiciliar, extensivo \u00e0 minha esposa e filhos\u201d, disse Roberto Magliano.<\/p>\n\n\n\n<p>O presidente do CRM-PB informou ainda que est\u00e1 no 12\u00ba dia de isolamento, em recupera\u00e7\u00e3o, em bom estado de sa\u00fade, sem febre e com respira\u00e7\u00e3o normal. \u201cMeu per\u00edodo de isolamento se encerra no domingo dia 29\/03, data a partir da qual j\u00e1 poderei retornar \u00e0s minhas atividades, sem colocar em risco de transmiss\u00e3o outras pessoas\u201d, comentou o m\u00e9dico.<\/p>\n\n\n\n<p>Na nota, o m\u00e9dico tamb\u00e9m agradece \u00e0s pessoas que o ajudaram durante o per\u00edodo. \u201cQuero agradecer aos que me ajudaram a atravessar este dif\u00edcil momento e dizer que \u00e9 poss\u00edvel enfrentar e vencer a infec\u00e7\u00e3o. O momento \u00e9 de nos mobilizarmos todos contra essa pandemia\u201d, completa.<\/p>\n\n\n\n<p>At\u00e9 esta sexta-feira, a Para\u00edba j\u00e1 havia registrado nove casos confirmados de Covid-19. Foram seis casos em Jo\u00e3o Pessoa, um em Campina Grande, um em Sousa e um em Igaracy. N\u00e3o h\u00e1 nenhuma morte at\u00e9 esta data.<\/p>\n\n\n\n<figure class=\"wp-block-image size-large\"><img decoding=\"async\" width=\"1\" height=\"1\" data-src=\"https:\/\/www.caririemacao.com\/1\/wp-content\/uploads\/2020\/03\/image.gif\" alt=\"\" class=\"wp-image-160636 lazyload\" src=\"data:image\/svg+xml;base64,PHN2ZyB3aWR0aD0iMSIgaGVpZ2h0PSIxIiB4bWxucz0iaHR0cDovL3d3dy53My5vcmcvMjAwMC9zdmciPjwvc3ZnPg==\" style=\"--smush-placeholder-width: 1px; --smush-placeholder-aspect-ratio: 1\/1;\" \/><\/figure>\n","protected":false},"excerpt":{"rendered":"<p>O presidente do Conselho Regional de Medicina da Para\u00edba (CRM-PB), Roberto Magliano de Morais, testou positivo para o novo coronav\u00edrus (Covid-19), conforme nota publicada pelo&hellip; <\/p>\n","protected":false},"author":1,"featured_media":160111,"comment_status":"closed","ping_status":"closed","sticky":false,"template":"","format":"standard","meta":{"sfsi_plus_gutenberg_text_before_share":"","sfsi_plus_gutenberg_show_text_before_share":"","sfsi_plus_gutenberg_icon_type":"","sfsi_plus_gutenberg_icon_alignemt":"","sfsi_plus_gutenburg_max_per_row":"","footnotes":""},"categories":[50],"tags":[],"class_list":["post-160633","post","type-post","status-publish","format-standard","has-post-thumbnail","hentry","category-destaque"],"_links":{"self":[{"href":"https:\/\/www.caririemacao.com\/1\/wp-json\/wp\/v2\/posts\/160633","targetHints":{"allow":["GET"]}}],"collection":[{"href":"https:\/\/www.caririemacao.com\/1\/wp-json\/wp\/v2\/posts"}],"about":[{"href":"https:\/\/www.caririemacao.com\/1\/wp-json\/wp\/v2\/types\/post"}],"author":[{"embeddable":true,"href":"https:\/\/www.caririemacao.com\/1\/wp-json\/wp\/v2\/users\/1"}],"replies":[{"embeddable":true,"href":"https:\/\/www.caririemacao.com\/1\/wp-json\/wp\/v2\/comments?post=160633"}],"version-history":[{"count":1,"href":"https:\/\/www.caririemacao.com\/1\/wp-json\/wp\/v2\/posts\/160633\/revisions"}],"predecessor-version":[{"id":160637,"href":"https:\/\/www.caririemacao.com\/1\/wp-json\/wp\/v2\/posts\/160633\/revisions\/160637"}],"wp:featuredmedia":[{"embeddable":true,"href":"https:\/\/www.caririemacao.com\/1\/wp-json\/wp\/v2\/media\/160111"}],"wp:attachment":[{"href":"https:\/\/www.caririemacao.com\/1\/wp-json\/wp\/v2\/media?parent=160633"}],"wp:term":[{"taxonomy":"category","embeddable":true,"href":"https:\/\/www.caririemacao.com\/1\/wp-json\/wp\/v2\/categories?post=160633"},{"taxonomy":"post_tag","embeddable":true,"href":"https:\/\/www.caririemacao.com\/1\/wp-json\/wp\/v2\/tags?post=160633"}],"curies":[{"name":"wp","href":"https:\/\/api.w.org\/{rel}","templated":true}]}}