{"id":160641,"date":"2020-03-27T17:09:54","date_gmt":"2020-03-27T20:09:54","guid":{"rendered":"http:\/\/www.caririemacao.com\/1\/?p=160641"},"modified":"2020-03-27T17:09:56","modified_gmt":"2020-03-27T20:09:56","slug":"dia-do-circo-e-do-teatro-artistas-da-pb-ficam-sem-sustento-durante-a-pandemia-do-novo-coronavirus","status":"publish","type":"post","link":"https:\/\/www.caririemacao.com\/1\/2020\/03\/27\/dia-do-circo-e-do-teatro-artistas-da-pb-ficam-sem-sustento-durante-a-pandemia-do-novo-coronavirus\/","title":{"rendered":"Dia do Circo e do Teatro: artistas da PB ficam sem sustento durante a pandemia do novo coronav\u00edrus"},"content":{"rendered":"\n<p>Nesta sexta-feira, 27 de mar\u00e7o, Dia Nacional do Circo e Dia Mundial do Teatro, os circos e teatros da Para\u00edba est\u00e3o fechados. Esses ambientes de cultura est\u00e3o cumprindo as recomenda\u00e7\u00f5es de isolamento para conter o avan\u00e7o da Covid-19, assim como o restante da popula\u00e7\u00e3o. Por\u00e9m, sem bilheteria, ficam sem sustento.<\/p>\n\n\n\n<p>Em uma manifesta\u00e7\u00e3o online, Agnin\u00e1 Canicr\u00e3, presidente da Rede de Apoio ao Circo da Para\u00edba (RAC\/PB) pediu ajuda. Ao todo, s\u00e3o 27 circos na Para\u00edba precisando de aux\u00edlio, um total de 700 pessoas. Sem a bilheteria, Agnin\u00e1 pede a colabora\u00e7\u00e3o do Governo do Estado e da popula\u00e7\u00e3o.<\/p>\n\n\n\n<p>Com o isolamento social recomendado para a preven\u00e7\u00e3o contra o novo coronav\u00edrus, muitas pessoas que dependem dessa intera\u00e7\u00e3o para trabalhar est\u00e3o em uma situa\u00e7\u00e3o cr\u00edtica. Sem poder receber p\u00fablico, as bilheterias que sustentam os circos paraibanos foram afetadas diretamente e v\u00e1rios artistas est\u00e3o sem apoio financeiro.<\/p>\n\n\n\n<p>\u201cVamos ajudar o circo que est\u00e1 na sua cidade, na sua cidade vizinha ou at\u00e9 mesmo que n\u00e3o esteja\u201d, pede Agnin\u00e1 (veja abaixo).<\/p>\n\n\n\n<figure class=\"wp-block-image\"><img decoding=\"async\" data-src=\"https:\/\/s02.video.glbimg.com\/x720\/8436877.jpg\" alt=\"Classe de palha\u00e7os faz apelo devido ao isolamento da pandemia do coronav\u00edrus\" src=\"data:image\/svg+xml;base64,PHN2ZyB3aWR0aD0iMSIgaGVpZ2h0PSIxIiB4bWxucz0iaHR0cDovL3d3dy53My5vcmcvMjAwMC9zdmciPjwvc3ZnPg==\" class=\"lazyload\" \/><\/figure>\n\n\n\n<p>Classe de palha\u00e7os faz apelo devido ao isolamento da pandemia do coronav\u00edrus<\/p>\n\n\n\n<p>O teatro tamb\u00e9m sofre com a falta de bilheteria. A Ser T\u00e3o Teatro j\u00e1 vinha tendo problemas de financiamento, como a escassez de editais e falta de incentivo do governo. Agora, as poucas apresenta\u00e7\u00f5es que a companhia conseguia fazer acabaram.<\/p>\n\n\n\n<p>&#8220;A gente j\u00e1 vinha sofrendo algumas derrotas no campo da cultura e da arte. Minist\u00e9rio que caiu&#8230; Pessoas representando a tal Secretaria da Cultura que, na verdade, n\u00e3o nos representa. Os baques j\u00e1 vinham acontecendo. Com essa situa\u00e7\u00e3o do coronav\u00edrus, a coisa piorou&#8221;, disse Polyana Barros, presidente da Ser T\u00e3o Teatro.<\/p>\n\n\n\n<p>Uma semana antes da convoca\u00e7\u00e3o de isolamento, o Ser T\u00e3o Teatro estava come\u00e7ando a se movimentar para um pr\u00f3ximo cap\u00edtulo. A not\u00edcia da quarentena, pegou todo mundo despreparado.<\/p>\n\n\n\n<p>Durante as duas semanas de isolamento, ainda nenhuma alternativa foi encontrada. Entretanto, o contato com a companhia pode ser feito atrav\u00e9s de seu<a href=\"https:\/\/www.instagram.com\/sertaoteatro\/?hl=en\" target=\"_blank\" rel=\"noreferrer noopener\">&nbsp;Instagram<\/a>.<\/p>\n\n\n\n<blockquote class=\"wp-block-quote is-layout-flow wp-block-quote-is-layout-flow\"><p>\u201cEsse \u00e9 o sentimento, que a gente est\u00e1 abandonado; \u00e0 merc\u00ea da sorte. N\u00f3s n\u00e3o somos tratados como trabalhadores. Mas eu sou um tantinho esperan\u00e7osa. Acredito na arte e na for\u00e7a dos artistas. J\u00e1 teve muitos momentos dif\u00edceis na nossa hist\u00f3ria que a gente deu a volta por cima&#8221;, disse Polyana.<\/p><\/blockquote>\n\n\n\n<p>A popula\u00e7\u00e3o pode ajudar os circos, principalmente, com doa\u00e7\u00e3o de alimentos. Para isto, basta entrar em contato com o n\u00famero da RAC\/PB: (83) 9 9986-8842.<\/p>\n\n\n\n<p>Com G1 PB<\/p>\n","protected":false},"excerpt":{"rendered":"<p>Nesta sexta-feira, 27 de mar\u00e7o, Dia Nacional do Circo e Dia Mundial do Teatro, os circos e teatros da Para\u00edba est\u00e3o fechados. Esses ambientes de&hellip; <\/p>\n","protected":false},"author":1,"featured_media":160642,"comment_status":"closed","ping_status":"closed","sticky":false,"template":"","format":"standard","meta":{"sfsi_plus_gutenberg_text_before_share":"","sfsi_plus_gutenberg_show_text_before_share":"","sfsi_plus_gutenberg_icon_type":"","sfsi_plus_gutenberg_icon_alignemt":"","sfsi_plus_gutenburg_max_per_row":"","footnotes":""},"categories":[6,50],"tags":[],"class_list":["post-160641","post","type-post","status-publish","format-standard","has-post-thumbnail","hentry","category-cidades","category-destaque"],"_links":{"self":[{"href":"https:\/\/www.caririemacao.com\/1\/wp-json\/wp\/v2\/posts\/160641","targetHints":{"allow":["GET"]}}],"collection":[{"href":"https:\/\/www.caririemacao.com\/1\/wp-json\/wp\/v2\/posts"}],"about":[{"href":"https:\/\/www.caririemacao.com\/1\/wp-json\/wp\/v2\/types\/post"}],"author":[{"embeddable":true,"href":"https:\/\/www.caririemacao.com\/1\/wp-json\/wp\/v2\/users\/1"}],"replies":[{"embeddable":true,"href":"https:\/\/www.caririemacao.com\/1\/wp-json\/wp\/v2\/comments?post=160641"}],"version-history":[{"count":1,"href":"https:\/\/www.caririemacao.com\/1\/wp-json\/wp\/v2\/posts\/160641\/revisions"}],"predecessor-version":[{"id":160643,"href":"https:\/\/www.caririemacao.com\/1\/wp-json\/wp\/v2\/posts\/160641\/revisions\/160643"}],"wp:featuredmedia":[{"embeddable":true,"href":"https:\/\/www.caririemacao.com\/1\/wp-json\/wp\/v2\/media\/160642"}],"wp:attachment":[{"href":"https:\/\/www.caririemacao.com\/1\/wp-json\/wp\/v2\/media?parent=160641"}],"wp:term":[{"taxonomy":"category","embeddable":true,"href":"https:\/\/www.caririemacao.com\/1\/wp-json\/wp\/v2\/categories?post=160641"},{"taxonomy":"post_tag","embeddable":true,"href":"https:\/\/www.caririemacao.com\/1\/wp-json\/wp\/v2\/tags?post=160641"}],"curies":[{"name":"wp","href":"https:\/\/api.w.org\/{rel}","templated":true}]}}