{"id":160648,"date":"2020-03-27T17:43:45","date_gmt":"2020-03-27T20:43:45","guid":{"rendered":"http:\/\/www.caririemacao.com\/1\/?p=160648"},"modified":"2020-03-27T17:43:48","modified_gmt":"2020-03-27T20:43:48","slug":"italia-bate-novo-recorde-e-chega-a-919-mortes-causadas-pela-covid-19","status":"publish","type":"post","link":"https:\/\/www.caririemacao.com\/1\/2020\/03\/27\/italia-bate-novo-recorde-e-chega-a-919-mortes-causadas-pela-covid-19\/","title":{"rendered":"It\u00e1lia bate novo recorde e chega a 919 mortes causadas pela Covid-19"},"content":{"rendered":"\n<p>O n\u00famero de mortes na It\u00e1lia por causa do Covid-19, a doen\u00e7a causada pelo coronav\u00edrus aumentou em 919, disse a ag\u00eancia de prote\u00e7\u00e3o civil nesta sexta-feira (27). At\u00e9 agora, 9.143 pessoas morreram por conta da epidemia no pa\u00eds.<\/p>\n\n\n\n<p>\u00c9 o recorde para um \u00fanico dia. Antes, havia sido o 21 de mar\u00e7o, quando 793 pessoas haviam morrido. No entanto, 50 delas s\u00e3o referentes \u00e0 mortes de quinta-feira, na regi\u00e3o do Piemonte, que foram contabilizadas nesta sexta-feira.<\/p>\n\n\n\n<p>Nos \u00faltimos dias, os n\u00fameros foram os seguintes:<\/p>\n\n\n\n<ul class=\"wp-block-list\"><li><strong>23 de mar\u00e7o: 602<\/strong><\/li><li><strong>24 de mar\u00e7o: 743<\/strong><\/li><li><strong>25 de mar\u00e7o: 683<\/strong><\/li><li><strong>26 de mar\u00e7o: 712<\/strong><\/li><li><strong>27 de mar\u00e7o: 919<\/strong><\/li><\/ul>\n\n\n\n<figure class=\"wp-block-image\"><img decoding=\"async\" data-src=\"https:\/\/s01.video.glbimg.com\/x720\/8435372.jpg\" alt=\"Na It\u00e1lia, muita gente ainda segue desrespeitando a quarentena\" src=\"data:image\/svg+xml;base64,PHN2ZyB3aWR0aD0iMSIgaGVpZ2h0PSIxIiB4bWxucz0iaHR0cDovL3d3dy53My5vcmcvMjAwMC9zdmciPjwvc3ZnPg==\" class=\"lazyload\" \/><\/figure>\n\n\n\n<p>Na It\u00e1lia, muita gente ainda segue desrespeitando a quarentena<\/p>\n\n\n\n<h2 class=\"wp-block-heading\"><strong>Prefeito de Mil\u00e3o<\/strong><\/h2>\n\n\n\n<p>A regi\u00e3o mais atingida \u00e9 a da Lombardia, onde fica a cidade de Mil\u00e3o. L\u00e1, houve 5.402 mortes.<\/p>\n\n\n\n<p>No dia 22 de mar\u00e7o, durante uma entrevista \u00e0 TV RAI, o prefeito de Mil\u00e3o, Giuseppe Sala, afirmou que errou ao divulgar, no fim de fevereiro, um v\u00eddeo que dizia que a cidade n\u00e3o pode parar.<\/p>\n\n\n\n<p>\u201cMuitos se referem \u00e0quele v\u00eddeo que circulava com o t\u00edtulo \u2019Mil\u00e3o n\u00e3o Para\u2019. Era 27 de fevereiro, o v\u00eddeo estava explodindo nas redes, e todos o divulgaram, inclusive eu. Certo ou errado? Provavelmente, errado\u201d, ele afirmou \u00e0 RAI no domingo (22).<\/p>\n\n\n\n<p>As infec\u00e7\u00f5es de coronav\u00edrus na It\u00e1lia n\u00e3o atingiram seu pico, disse Silvio Brusaferro, chefe do Instituto Superior de Sa\u00fade do pa\u00eds nesta sexta-feira (27).<\/p>\n\n\n\n<p>Os n\u00fameros mais recentes da pandemia no pa\u00eds s\u00e3o 8.215 mortes e 80.589 infectados. O balan\u00e7o da quinta-feira foi de 712 mortos nas 24 horas anteriores.<\/p>\n\n\n\n<p>\u201cN\u00e3o atingimos o pico e n\u00e3o passamos dele\u201d, disse Brussaferro.<\/p>\n\n\n\n<p>Ele disso que h\u00e1, no entanto, sinais de uma desacelera\u00e7\u00e3o no n\u00famero de pessoas que est\u00e3o ficando infectadas, o que sugere que o pico n\u00e3o est\u00e1 longe. Depois disso, os novos casos v\u00e3o entrar em tend\u00eancia vis\u00edvel de queda.<\/p>\n\n\n\n<p>\u201cO nosso comportamento vai influenciar em qu\u00e3o \u00edngreme vai ser a queda, quando ela come\u00e7ar\u201d, afirmou ele, em uma refer\u00eancia \u00e0 ader\u00eancia dos italianos \u00e0s restri\u00e7\u00f5es ao movimento impostas pelo governo.<\/p>\n\n\n\n<p>A Espanha \u00e9 o segundo pa\u00eds da Europa mais atingido pela pandemia. L\u00e1, foram 769 mortes nas \u00faltimas 24 horas. Ao todo, s\u00e3o 4.858 mortes.<\/p>\n","protected":false},"excerpt":{"rendered":"<p>O n\u00famero de mortes na It\u00e1lia por causa do Covid-19, a doen\u00e7a causada pelo coronav\u00edrus aumentou em 919, disse a ag\u00eancia de prote\u00e7\u00e3o civil nesta&hellip; <\/p>\n","protected":false},"author":1,"featured_media":160649,"comment_status":"closed","ping_status":"closed","sticky":false,"template":"","format":"standard","meta":{"sfsi_plus_gutenberg_text_before_share":"","sfsi_plus_gutenberg_show_text_before_share":"","sfsi_plus_gutenberg_icon_type":"","sfsi_plus_gutenberg_icon_alignemt":"","sfsi_plus_gutenburg_max_per_row":"","footnotes":""},"categories":[6,50],"tags":[],"class_list":["post-160648","post","type-post","status-publish","format-standard","has-post-thumbnail","hentry","category-cidades","category-destaque"],"_links":{"self":[{"href":"https:\/\/www.caririemacao.com\/1\/wp-json\/wp\/v2\/posts\/160648","targetHints":{"allow":["GET"]}}],"collection":[{"href":"https:\/\/www.caririemacao.com\/1\/wp-json\/wp\/v2\/posts"}],"about":[{"href":"https:\/\/www.caririemacao.com\/1\/wp-json\/wp\/v2\/types\/post"}],"author":[{"embeddable":true,"href":"https:\/\/www.caririemacao.com\/1\/wp-json\/wp\/v2\/users\/1"}],"replies":[{"embeddable":true,"href":"https:\/\/www.caririemacao.com\/1\/wp-json\/wp\/v2\/comments?post=160648"}],"version-history":[{"count":1,"href":"https:\/\/www.caririemacao.com\/1\/wp-json\/wp\/v2\/posts\/160648\/revisions"}],"predecessor-version":[{"id":160650,"href":"https:\/\/www.caririemacao.com\/1\/wp-json\/wp\/v2\/posts\/160648\/revisions\/160650"}],"wp:featuredmedia":[{"embeddable":true,"href":"https:\/\/www.caririemacao.com\/1\/wp-json\/wp\/v2\/media\/160649"}],"wp:attachment":[{"href":"https:\/\/www.caririemacao.com\/1\/wp-json\/wp\/v2\/media?parent=160648"}],"wp:term":[{"taxonomy":"category","embeddable":true,"href":"https:\/\/www.caririemacao.com\/1\/wp-json\/wp\/v2\/categories?post=160648"},{"taxonomy":"post_tag","embeddable":true,"href":"https:\/\/www.caririemacao.com\/1\/wp-json\/wp\/v2\/tags?post=160648"}],"curies":[{"name":"wp","href":"https:\/\/api.w.org\/{rel}","templated":true}]}}