{"id":160656,"date":"2020-03-27T20:13:17","date_gmt":"2020-03-27T23:13:17","guid":{"rendered":"http:\/\/www.caririemacao.com\/1\/?p=160656"},"modified":"2020-03-27T20:13:18","modified_gmt":"2020-03-27T23:13:18","slug":"amaparo-programa-aracao-de-terras-totaliza-600-horas-de-gradeacao","status":"publish","type":"post","link":"https:\/\/www.caririemacao.com\/1\/2020\/03\/27\/amaparo-programa-aracao-de-terras-totaliza-600-horas-de-gradeacao\/","title":{"rendered":"Amaparo: Programa Ara\u00e7\u00e3o de Terras totaliza 600 horas de gradea\u00e7\u00e3o"},"content":{"rendered":"\n<p>A Secretaria de Agricultura e Abastecimento do Munic\u00edpio de Amparo, vem fazendo um \u00f3timo trabalho, atrav\u00e9s do Programa Municipal Ara\u00e7\u00e3o de Terra. Com o objetivo de que beneficoar e facilitar a vida do homem do campo. <\/p>\n\n\n\n<p>Diante disso, com 100% da \u00e1rea rural coberta pelo Programa de Ara\u00e7\u00e3o de Terras, a Secretaria de Agricultura e Abastecimento do municipio, totaliza 600 horas de gradea\u00e7\u00e3o, atendendo a demanda existente na sede da mesma. <\/p>\n\n\n\n<p>Segundo o coordenador de m\u00e9quinas do PAC Severino do Ramo (Biu de Paulo), a ordem do prefeito ln\u00e9cio Nobrega \u00e9 que, se ainda tiver algum produtor que ainda n\u00e3o foi contemplado com o programa, o mesmo deve procurar a coordena\u00e7\u00e3o do Programa para que seja efetuado o corte de forma imediata. <\/p>\n","protected":false},"excerpt":{"rendered":"<p>A Secretaria de Agricultura e Abastecimento do Munic\u00edpio de Amparo, vem fazendo um \u00f3timo trabalho, atrav\u00e9s do Programa Municipal Ara\u00e7\u00e3o de Terra. Com o objetivo&hellip; <\/p>\n","protected":false},"author":1,"featured_media":160658,"comment_status":"closed","ping_status":"closed","sticky":false,"template":"","format":"standard","meta":{"sfsi_plus_gutenberg_text_before_share":"","sfsi_plus_gutenberg_show_text_before_share":"","sfsi_plus_gutenberg_icon_type":"","sfsi_plus_gutenberg_icon_alignemt":"","sfsi_plus_gutenburg_max_per_row":"","footnotes":""},"categories":[6,50],"tags":[],"class_list":["post-160656","post","type-post","status-publish","format-standard","has-post-thumbnail","hentry","category-cidades","category-destaque"],"_links":{"self":[{"href":"https:\/\/www.caririemacao.com\/1\/wp-json\/wp\/v2\/posts\/160656","targetHints":{"allow":["GET"]}}],"collection":[{"href":"https:\/\/www.caririemacao.com\/1\/wp-json\/wp\/v2\/posts"}],"about":[{"href":"https:\/\/www.caririemacao.com\/1\/wp-json\/wp\/v2\/types\/post"}],"author":[{"embeddable":true,"href":"https:\/\/www.caririemacao.com\/1\/wp-json\/wp\/v2\/users\/1"}],"replies":[{"embeddable":true,"href":"https:\/\/www.caririemacao.com\/1\/wp-json\/wp\/v2\/comments?post=160656"}],"version-history":[{"count":2,"href":"https:\/\/www.caririemacao.com\/1\/wp-json\/wp\/v2\/posts\/160656\/revisions"}],"predecessor-version":[{"id":160659,"href":"https:\/\/www.caririemacao.com\/1\/wp-json\/wp\/v2\/posts\/160656\/revisions\/160659"}],"wp:featuredmedia":[{"embeddable":true,"href":"https:\/\/www.caririemacao.com\/1\/wp-json\/wp\/v2\/media\/160658"}],"wp:attachment":[{"href":"https:\/\/www.caririemacao.com\/1\/wp-json\/wp\/v2\/media?parent=160656"}],"wp:term":[{"taxonomy":"category","embeddable":true,"href":"https:\/\/www.caririemacao.com\/1\/wp-json\/wp\/v2\/categories?post=160656"},{"taxonomy":"post_tag","embeddable":true,"href":"https:\/\/www.caririemacao.com\/1\/wp-json\/wp\/v2\/tags?post=160656"}],"curies":[{"name":"wp","href":"https:\/\/api.w.org\/{rel}","templated":true}]}}