{"id":160666,"date":"2020-03-28T06:24:12","date_gmt":"2020-03-28T09:24:12","guid":{"rendered":"http:\/\/www.caririemacao.com\/1\/?p=160666"},"modified":"2020-03-28T06:24:15","modified_gmt":"2020-03-28T09:24:15","slug":"joao-azevedo-e-governadores-do-nordeste-reforcam-integracao-regional-nas-acoes-contra-o-coronavirus","status":"publish","type":"post","link":"https:\/\/www.caririemacao.com\/1\/2020\/03\/28\/joao-azevedo-e-governadores-do-nordeste-reforcam-integracao-regional-nas-acoes-contra-o-coronavirus\/","title":{"rendered":"Jo\u00e3o Azev\u00eado e governadores do Nordeste refor\u00e7am integra\u00e7\u00e3o regional nas a\u00e7\u00f5es contra o coronav\u00edrus"},"content":{"rendered":"\n<p>O governador Jo\u00e3o Azev\u00eado participou, nesta sexta-feira (27), de mais uma videoconfer\u00eancia com os demais governadores do Nordeste que buscam a implementa\u00e7\u00e3o de medidas conjuntas para o enfrentamento do coronav\u00edrus. Na reuni\u00e3o on-line, os gestores refor\u00e7aram o fortalecimento da integra\u00e7\u00e3o regional para salvar vidas e amenizar os impactos negativos sobre a economia dos estados e anunciaram que ir\u00e3o solicitar o pronunciamento do Conselho Federal de Medicina, do Conselho Nacional dos Secret\u00e1rios Estaduais de Sa\u00fade e da Sociedade Brasileira de Infectologia, bem como a orienta\u00e7\u00e3o dos Minist\u00e9rios P\u00fablicos Federal e Estaduais para embasar as medidas restritivas de cada Estado.<\/p>\n\n\n\n<p>Eles tamb\u00e9m manifestaram indigna\u00e7\u00e3o contra a postura do governo federal que destoa das recomenda\u00e7\u00f5es da Organiza\u00e7\u00e3o Mundial da Sa\u00fade (OMS) acerca da necessidade do isolamento social e cobraram respeito da Presid\u00eancia da Rep\u00fablica e o fim das agress\u00f5es contra os governadores, devendo o poder central assumir um posicionamento institucional, com seriedade sobre medidas preventivas.<\/p>\n\n\n\n<ul class=\"wp-block-list\"><li><a href=\"https:\/\/www.clickpb.com.br\/media\/filer_public\/d7\/0e\/d70ed099-5718-4b0d-af56-1a9c881a6a32\/27-03-carta-dos-governadores-do-nordeste.pdf\">Confira o documento na \u00edntegra aqui.<\/a><\/li><\/ul>\n\n\n\n<p>\u201cTemos absoluta convic\u00e7\u00e3o de que o di\u00e1logo, o equil\u00edbrio e a uni\u00e3o ser\u00e3o sempre o melhor caminho para revertermos este quadro cr\u00edtico. Seguimos firmes e vigilantes em defesa da vida das pessoas, inclusive na luta para impedir atos que possam significar riscos \u00e0 sa\u00fade p\u00fablica\u201d, diz a Carta publicada ap\u00f3s o encontro.<\/p>\n\n\n\n<p>Na ocasi\u00e3o, o chefe do Executivo da Para\u00edba detalhou todos os decretos que j\u00e1 foram expedidos pela gest\u00e3o estadual, visando o isolamento social, conforme orienta\u00e7\u00f5es da OMS e de autoridades sanit\u00e1rias.&nbsp;&nbsp;<\/p>\n\n\n\n<p>O gestor tamb\u00e9m destacou as a\u00e7\u00f5es desenvolvidas na Para\u00edba, como a produ\u00e7\u00e3o de m\u00e1scaras cir\u00fargicas pelas reeducandas da Penitenci\u00e1ria Feminina Maria J\u00falia Maranh\u00e3o, que est\u00e3o sendo destinadas \u00e0s policiais penais e equipes de sa\u00fade em todo o Sistema Penitenci\u00e1rio, bem como a profissionais da Secretaria de Estado da Sa\u00fade.<\/p>\n\n\n\n<p>Jo\u00e3o Azev\u00eado ainda afirmou que tem buscado parcerias com as ind\u00fastrias da Para\u00edba, visando poss\u00edveis redirecionamentos de linhas de produ\u00e7\u00e3o para a fabrica\u00e7\u00e3o de Equipamentos de Prote\u00e7\u00e3o Individual (EPIs) voltados para as \u00e1reas da Sa\u00fade e Seguran\u00e7a P\u00fablica.<\/p>\n","protected":false},"excerpt":{"rendered":"<p>O governador Jo\u00e3o Azev\u00eado participou, nesta sexta-feira (27), de mais uma videoconfer\u00eancia com os demais governadores do Nordeste que buscam a implementa\u00e7\u00e3o de medidas conjuntas&hellip; <\/p>\n","protected":false},"author":2,"featured_media":160667,"comment_status":"closed","ping_status":"closed","sticky":false,"template":"","format":"standard","meta":{"sfsi_plus_gutenberg_text_before_share":"","sfsi_plus_gutenberg_show_text_before_share":"","sfsi_plus_gutenberg_icon_type":"","sfsi_plus_gutenberg_icon_alignemt":"","sfsi_plus_gutenburg_max_per_row":"","footnotes":""},"categories":[11],"tags":[],"class_list":["post-160666","post","type-post","status-publish","format-standard","has-post-thumbnail","hentry","category-politica"],"_links":{"self":[{"href":"https:\/\/www.caririemacao.com\/1\/wp-json\/wp\/v2\/posts\/160666","targetHints":{"allow":["GET"]}}],"collection":[{"href":"https:\/\/www.caririemacao.com\/1\/wp-json\/wp\/v2\/posts"}],"about":[{"href":"https:\/\/www.caririemacao.com\/1\/wp-json\/wp\/v2\/types\/post"}],"author":[{"embeddable":true,"href":"https:\/\/www.caririemacao.com\/1\/wp-json\/wp\/v2\/users\/2"}],"replies":[{"embeddable":true,"href":"https:\/\/www.caririemacao.com\/1\/wp-json\/wp\/v2\/comments?post=160666"}],"version-history":[{"count":1,"href":"https:\/\/www.caririemacao.com\/1\/wp-json\/wp\/v2\/posts\/160666\/revisions"}],"predecessor-version":[{"id":160668,"href":"https:\/\/www.caririemacao.com\/1\/wp-json\/wp\/v2\/posts\/160666\/revisions\/160668"}],"wp:featuredmedia":[{"embeddable":true,"href":"https:\/\/www.caririemacao.com\/1\/wp-json\/wp\/v2\/media\/160667"}],"wp:attachment":[{"href":"https:\/\/www.caririemacao.com\/1\/wp-json\/wp\/v2\/media?parent=160666"}],"wp:term":[{"taxonomy":"category","embeddable":true,"href":"https:\/\/www.caririemacao.com\/1\/wp-json\/wp\/v2\/categories?post=160666"},{"taxonomy":"post_tag","embeddable":true,"href":"https:\/\/www.caririemacao.com\/1\/wp-json\/wp\/v2\/tags?post=160666"}],"curies":[{"name":"wp","href":"https:\/\/api.w.org\/{rel}","templated":true}]}}