{"id":160670,"date":"2020-03-28T06:25:50","date_gmt":"2020-03-28T09:25:50","guid":{"rendered":"http:\/\/www.caririemacao.com\/1\/?p=160670"},"modified":"2020-03-28T06:25:51","modified_gmt":"2020-03-28T09:25:51","slug":"mais-de-1-200-policiais-militares-vao-fiscalizar-cumprimento-de-quarentena-e-reforcar-seguranca-nesta-sexta-feira-na-paraiba","status":"publish","type":"post","link":"https:\/\/www.caririemacao.com\/1\/2020\/03\/28\/mais-de-1-200-policiais-militares-vao-fiscalizar-cumprimento-de-quarentena-e-reforcar-seguranca-nesta-sexta-feira-na-paraiba\/","title":{"rendered":"Mais de 1.200 policiais militares v\u00e3o fiscalizar cumprimento de quarentena e refor\u00e7ar seguran\u00e7a nesta sexta-feira na Para\u00edba"},"content":{"rendered":"\n<p>A Pol\u00edcia Militar deflagrou, na noite desta sexta-feira (27), a Opera\u00e7\u00e3o Previna-se II, que conta com mais de 1.200 policiais nas ruas, para fiscalizar o cumprimento das determina\u00e7\u00f5es estaduais de preven\u00e7\u00e3o ao Covid-19 e refor\u00e7ar a seguran\u00e7a nos corredores onde est\u00e3o funcionando servi\u00e7os essenciais, a exemplo de farm\u00e1cias, unidades de sa\u00fade, postos de combust\u00edveis e supermercados.<\/p>\n\n\n\n<p>A opera\u00e7\u00e3o acontece em v\u00e1rias cidades, mas o foco maior das fiscaliza\u00e7\u00f5es ser\u00e1 nas cidades Jo\u00e3o Pessoa, Campina Grande, Sousa e Igaracy, que s\u00e3o os munic\u00edpios onde foram confirmados casos de Covid-19. A atua\u00e7\u00e3o tem como base os \u00faltimos decretos estaduais, de n\u00ba 40.135 e n\u00ba 40.141, que est\u00e3o em vigor.<\/p>\n\n\n\n<p>J\u00e1 na parte de refor\u00e7o da seguran\u00e7a, o objetivo da PM \u00e9 prevenir roubos e outros crimes nos trechos que est\u00e3o tendo movimenta\u00e7\u00e3o nesse per\u00edodo, que s\u00e3o as unidades de sa\u00fade, farm\u00e1cias, postos de combust\u00edveis e supermercados.<\/p>\n\n\n\n<p>Os trabalhos est\u00e3o sendo coordenados pelo pr\u00f3prio comandante-geral da PM, coronel Euller Chaves, e utiliza, no total, um refor\u00e7o de 1.225 policiais e 483 viaturas. S\u00e3o 331 policiais e 115 viaturas na grande Jo\u00e3o Pessoa; 365 policiais e 149 viaturas em toda regi\u00e3o de Campina Grande; e 371 policiais e 149 viaturas nas cidades que ficam no Sert\u00e3o.<\/p>\n\n\n\n<p>Quem quiser indicar \u00e0s For\u00e7as de Seguran\u00e7a sobre locais onde ainda permanecem aglomera\u00e7\u00f5es de pessoas deve utilizar os n\u00fameros 190, 193 ou aplicativo \u2018SOS Cidad\u00e3o\u2019.<\/p>\n","protected":false},"excerpt":{"rendered":"<p>A Pol\u00edcia Militar deflagrou, na noite desta sexta-feira (27), a Opera\u00e7\u00e3o Previna-se II, que conta com mais de 1.200 policiais nas ruas, para fiscalizar o&hellip; <\/p>\n","protected":false},"author":2,"featured_media":160671,"comment_status":"closed","ping_status":"closed","sticky":false,"template":"","format":"standard","meta":{"sfsi_plus_gutenberg_text_before_share":"","sfsi_plus_gutenberg_show_text_before_share":"","sfsi_plus_gutenberg_icon_type":"","sfsi_plus_gutenberg_icon_alignemt":"","sfsi_plus_gutenburg_max_per_row":"","footnotes":""},"categories":[2],"tags":[],"class_list":["post-160670","post","type-post","status-publish","format-standard","has-post-thumbnail","hentry","category-geral"],"_links":{"self":[{"href":"https:\/\/www.caririemacao.com\/1\/wp-json\/wp\/v2\/posts\/160670","targetHints":{"allow":["GET"]}}],"collection":[{"href":"https:\/\/www.caririemacao.com\/1\/wp-json\/wp\/v2\/posts"}],"about":[{"href":"https:\/\/www.caririemacao.com\/1\/wp-json\/wp\/v2\/types\/post"}],"author":[{"embeddable":true,"href":"https:\/\/www.caririemacao.com\/1\/wp-json\/wp\/v2\/users\/2"}],"replies":[{"embeddable":true,"href":"https:\/\/www.caririemacao.com\/1\/wp-json\/wp\/v2\/comments?post=160670"}],"version-history":[{"count":1,"href":"https:\/\/www.caririemacao.com\/1\/wp-json\/wp\/v2\/posts\/160670\/revisions"}],"predecessor-version":[{"id":160672,"href":"https:\/\/www.caririemacao.com\/1\/wp-json\/wp\/v2\/posts\/160670\/revisions\/160672"}],"wp:featuredmedia":[{"embeddable":true,"href":"https:\/\/www.caririemacao.com\/1\/wp-json\/wp\/v2\/media\/160671"}],"wp:attachment":[{"href":"https:\/\/www.caririemacao.com\/1\/wp-json\/wp\/v2\/media?parent=160670"}],"wp:term":[{"taxonomy":"category","embeddable":true,"href":"https:\/\/www.caririemacao.com\/1\/wp-json\/wp\/v2\/categories?post=160670"},{"taxonomy":"post_tag","embeddable":true,"href":"https:\/\/www.caririemacao.com\/1\/wp-json\/wp\/v2\/tags?post=160670"}],"curies":[{"name":"wp","href":"https:\/\/api.w.org\/{rel}","templated":true}]}}