{"id":160679,"date":"2020-03-28T06:28:28","date_gmt":"2020-03-28T09:28:28","guid":{"rendered":"http:\/\/www.caririemacao.com\/1\/?p=160679"},"modified":"2020-03-28T09:38:18","modified_gmt":"2020-03-28T12:38:18","slug":"numero-de-casos-descartados-de-infeccao-por-coronavirus-chega-a-303-na-paraiba-e-outros-49-sob-suspeita-estao-internados","status":"publish","type":"post","link":"https:\/\/www.caririemacao.com\/1\/2020\/03\/28\/numero-de-casos-descartados-de-infeccao-por-coronavirus-chega-a-303-na-paraiba-e-outros-49-sob-suspeita-estao-internados\/","title":{"rendered":"N\u00b0 de casos descartados por coronav\u00edrus chega a 303 na Para\u00edba e outros 49 est\u00e3o internados sob suspeita"},"content":{"rendered":"\n<p>A Para\u00edba tem 76 casos suspeitos de coronav\u00edrus descartados por exames feitos nesta sexta-feira (27) e 49 pacientes internados. O 10\u00ba caso confirmado mais cedo hoje \u00e9 de uma mulher de 38 anos, de Jo\u00e3o Pessoa. Ela est\u00e1 em isolamento domiciliar, sendo acompanhada pela vigil\u00e2ncia municipal, informou a Secretaria de Estado da Sa\u00fade da Para\u00edba.<\/p>\n\n\n\n<p>Essas informa\u00e7\u00f5es constam no mais recente boletim divulgado \u00e0s 18h deste 27 de mar\u00e7o pela SES. As amostras foram analisadas no Laborat\u00f3rio Central da Para\u00edba, o Lacen-PB.<\/p>\n\n\n\n<p>Com os 76 casos descartados para coronav\u00edrus hoje, a Para\u00edba tem um total de 303 suspeitas anuladas para infec\u00e7\u00e3o por Covid-19. J\u00e1 entre os 49 internados, 15 est\u00e3o em UTI&#8217;s (Unidades de Terapia Intensiva) e 34 est\u00e3o em leito regular.<\/p>\n\n\n\n<p>Dos 10 casos confirmados na Para\u00edba, quatro foram divulgados nesta sexta-feira. A mulher citada no in\u00edcio da mat\u00e9ria, com 38 anos e moradora da Capital, estando em isolamento em casa. Desses casos oficializados, apenas uma mulher de 55 anos, tamb\u00e9m de Jo\u00e3o Pessoa, est\u00e1 internada. Ela ocupa um leito regular de hospital particular.&nbsp;<\/p>\n\n\n\n<p>Os quatro primeiros confirmados com coronav\u00edrus j\u00e1 est\u00e3o curados. Por munic\u00edpios, os casos est\u00e3o divididos da seguinte forma: 7 em Jo\u00e3o Pessoa, 1 em Igaracy, 1 em Sousa e 1 em Campina Grande.<\/p>\n","protected":false},"excerpt":{"rendered":"<p>A Para\u00edba tem 76 casos suspeitos de coronav\u00edrus descartados por exames feitos nesta sexta-feira (27) e 49 pacientes internados. O 10\u00ba caso confirmado mais cedo&hellip; <\/p>\n","protected":false},"author":2,"featured_media":160680,"comment_status":"closed","ping_status":"closed","sticky":false,"template":"","format":"standard","meta":{"sfsi_plus_gutenberg_text_before_share":"","sfsi_plus_gutenberg_show_text_before_share":"","sfsi_plus_gutenberg_icon_type":"","sfsi_plus_gutenberg_icon_alignemt":"","sfsi_plus_gutenburg_max_per_row":"","footnotes":""},"categories":[16],"tags":[],"class_list":["post-160679","post","type-post","status-publish","format-standard","has-post-thumbnail","hentry","category-saude"],"_links":{"self":[{"href":"https:\/\/www.caririemacao.com\/1\/wp-json\/wp\/v2\/posts\/160679","targetHints":{"allow":["GET"]}}],"collection":[{"href":"https:\/\/www.caririemacao.com\/1\/wp-json\/wp\/v2\/posts"}],"about":[{"href":"https:\/\/www.caririemacao.com\/1\/wp-json\/wp\/v2\/types\/post"}],"author":[{"embeddable":true,"href":"https:\/\/www.caririemacao.com\/1\/wp-json\/wp\/v2\/users\/2"}],"replies":[{"embeddable":true,"href":"https:\/\/www.caririemacao.com\/1\/wp-json\/wp\/v2\/comments?post=160679"}],"version-history":[{"count":3,"href":"https:\/\/www.caririemacao.com\/1\/wp-json\/wp\/v2\/posts\/160679\/revisions"}],"predecessor-version":[{"id":160752,"href":"https:\/\/www.caririemacao.com\/1\/wp-json\/wp\/v2\/posts\/160679\/revisions\/160752"}],"wp:featuredmedia":[{"embeddable":true,"href":"https:\/\/www.caririemacao.com\/1\/wp-json\/wp\/v2\/media\/160680"}],"wp:attachment":[{"href":"https:\/\/www.caririemacao.com\/1\/wp-json\/wp\/v2\/media?parent=160679"}],"wp:term":[{"taxonomy":"category","embeddable":true,"href":"https:\/\/www.caririemacao.com\/1\/wp-json\/wp\/v2\/categories?post=160679"},{"taxonomy":"post_tag","embeddable":true,"href":"https:\/\/www.caririemacao.com\/1\/wp-json\/wp\/v2\/tags?post=160679"}],"curies":[{"name":"wp","href":"https:\/\/api.w.org\/{rel}","templated":true}]}}