{"id":160683,"date":"2020-03-28T06:33:06","date_gmt":"2020-03-28T09:33:06","guid":{"rendered":"http:\/\/www.caririemacao.com\/1\/?p=160683"},"modified":"2020-03-28T06:33:08","modified_gmt":"2020-03-28T09:33:08","slug":"bolsonaro-questiona-numero-de-mortos-por-covid-19-e-fala-em-fraude-para-uso-politico","status":"publish","type":"post","link":"https:\/\/www.caririemacao.com\/1\/2020\/03\/28\/bolsonaro-questiona-numero-de-mortos-por-covid-19-e-fala-em-fraude-para-uso-politico\/","title":{"rendered":"Bolsonaro questiona n\u00famero de mortos por Covid-19 e fala em fraude para &#8216;uso pol\u00edtico&#8217;"},"content":{"rendered":"\n<p>O presidente Jair Bolsonaro questionou, na tarde desta sexta-feira, a veracidade dos n\u00fameros das mortes divulgadas em decorr\u00eancia do novo coronav\u00edrus e citou a possibilidade de os estados brasileiros estarem fraudando a causa dos \u00f3bitos para fazer &#8220;uso pol\u00edtico&#8221; da quest\u00e3o.<br><\/p>\n\n\n\n<p>As declara\u00e7\u00f5es ocorreram em entrevista por telefone ao jornalista Jos\u00e9 Luiz Datena, do Brasil Urgente, da Band.<\/p>\n\n\n\n<p>Ele citou diretamente o exemplo do Estado de S\u00e3o Paulo, do governador Jo\u00e3o Doria (PSDB), seu desafeto &#8211; que tem o maior n\u00famero de casos confirmados e mortos pelo novo coronav\u00edrus:<\/p>\n\n\n\n<p>\u2014 N\u00e3o t\u00f4 acreditando nesses n\u00fameros de S\u00e3o Paulo \u2014 declarou.<\/p>\n\n\n\n<p>A revista cient\u00edfica &#8220;The Lancet&#8221;, uma das mais renomadas do mundo, citou o presidente Jair Bolsonaro em critica \u00e0 demora de alguns governos para adotar medidas de isolamento social da popula\u00e7\u00e3o contra a pandemia de coronav\u00edrus. A cr\u00edtica foi feita em um pronunciamento da revista divulgado nesta sexta-feira. Bolsonaro foi o \u00fanico presidente citado pela publica\u00e7\u00e3o.<\/p>\n\n\n\n<p>&#8220;Muitos governos federais responderam rapidamente, mas muitos ainda n\u00e3o levam a s\u00e9rio a amea\u00e7a da Covid-19 &#8211; por exemplo, ignorando a recomenda\u00e7\u00e3o da Organiza\u00e7\u00e3o Mundial da Sa\u00fade contra aglomera\u00e7\u00f5es. O presidente do Brasil, Jair Bolsonaro, tem sido fortemente criticado por especialistas da \u00e1rea da sa\u00fade e enfrenta uma intensa rea\u00e7\u00e3o p\u00fablica por sua fraca resposta&#8221;, disse o texto da &#8220;The Lancet&#8221;.<\/p>\n","protected":false},"excerpt":{"rendered":"<p>O presidente Jair Bolsonaro questionou, na tarde desta sexta-feira, a veracidade dos n\u00fameros das mortes divulgadas em decorr\u00eancia do novo coronav\u00edrus e citou a possibilidade&hellip; <\/p>\n","protected":false},"author":2,"featured_media":160684,"comment_status":"closed","ping_status":"closed","sticky":false,"template":"","format":"standard","meta":{"sfsi_plus_gutenberg_text_before_share":"","sfsi_plus_gutenberg_show_text_before_share":"","sfsi_plus_gutenberg_icon_type":"","sfsi_plus_gutenberg_icon_alignemt":"","sfsi_plus_gutenburg_max_per_row":"","footnotes":""},"categories":[2],"tags":[],"class_list":["post-160683","post","type-post","status-publish","format-standard","has-post-thumbnail","hentry","category-geral"],"_links":{"self":[{"href":"https:\/\/www.caririemacao.com\/1\/wp-json\/wp\/v2\/posts\/160683","targetHints":{"allow":["GET"]}}],"collection":[{"href":"https:\/\/www.caririemacao.com\/1\/wp-json\/wp\/v2\/posts"}],"about":[{"href":"https:\/\/www.caririemacao.com\/1\/wp-json\/wp\/v2\/types\/post"}],"author":[{"embeddable":true,"href":"https:\/\/www.caririemacao.com\/1\/wp-json\/wp\/v2\/users\/2"}],"replies":[{"embeddable":true,"href":"https:\/\/www.caririemacao.com\/1\/wp-json\/wp\/v2\/comments?post=160683"}],"version-history":[{"count":1,"href":"https:\/\/www.caririemacao.com\/1\/wp-json\/wp\/v2\/posts\/160683\/revisions"}],"predecessor-version":[{"id":160685,"href":"https:\/\/www.caririemacao.com\/1\/wp-json\/wp\/v2\/posts\/160683\/revisions\/160685"}],"wp:featuredmedia":[{"embeddable":true,"href":"https:\/\/www.caririemacao.com\/1\/wp-json\/wp\/v2\/media\/160684"}],"wp:attachment":[{"href":"https:\/\/www.caririemacao.com\/1\/wp-json\/wp\/v2\/media?parent=160683"}],"wp:term":[{"taxonomy":"category","embeddable":true,"href":"https:\/\/www.caririemacao.com\/1\/wp-json\/wp\/v2\/categories?post=160683"},{"taxonomy":"post_tag","embeddable":true,"href":"https:\/\/www.caririemacao.com\/1\/wp-json\/wp\/v2\/tags?post=160683"}],"curies":[{"name":"wp","href":"https:\/\/api.w.org\/{rel}","templated":true}]}}