{"id":160687,"date":"2020-03-28T06:34:19","date_gmt":"2020-03-28T09:34:19","guid":{"rendered":"http:\/\/www.caririemacao.com\/1\/?p=160687"},"modified":"2020-03-28T06:34:21","modified_gmt":"2020-03-28T09:34:21","slug":"entidades-de-profissionais-de-saude-da-paraiba-pedem-que-pessoas-mantenham-o-isolamento-social-contra-coronavirus","status":"publish","type":"post","link":"https:\/\/www.caririemacao.com\/1\/2020\/03\/28\/entidades-de-profissionais-de-saude-da-paraiba-pedem-que-pessoas-mantenham-o-isolamento-social-contra-coronavirus\/","title":{"rendered":"Entidades de profissionais de Sa\u00fade da Para\u00edba pedem que pessoas mantenham o isolamento social contra coronav\u00edrus"},"content":{"rendered":"\n<p>Entidades representativas dos profissionais de Sa\u00fade no Estado da Para\u00edba pediram \u00e0 popula\u00e7\u00e3o para que se evite crescimento no n\u00famero de contaminados pelo novo coronav\u00edrus. Em comunicado emitido na tarde desta sexta-feira (27), as institui\u00e7\u00f5es refor\u00e7aram a import\u00e2ncia do isolamento social para impedir a transmiss\u00e3o do Covid-19.<\/p>\n\n\n\n<p>Assinam o comunicado a Associa\u00e7\u00e3o M\u00e9dica da Para\u00edba (AMB-PB), Conselho Regional de Medicina da Para\u00edba, Conselho Regional de Enfermagem da Para\u00edba (Coren-PB), Conselho Regional de Fisioterapia &#8211; Seccional Para\u00edba, Sindicato dos M\u00e9dicos da Para\u00edba (SIMED-PB) e Sindicato dos Enfermeiros da Para\u00edba.<\/p>\n\n\n\n<p>Para o representante da AMB-PB, Dr. Ronald Farias, &#8220;esse tempo dedicado \u00e0 quarentena \u00e9 necess\u00e1rio para achatamento da curva de progress\u00e3o da epidemia no Brasil, para que as autoridades sanit\u00e1rias possam conhecer melhor o grau de propaga\u00e7\u00e3o e para que a estrutura de Sa\u00fade do Estado e dos munic\u00edpios seja adequada para atender os pacientes acometidos do COVID-19&#8221;.<\/p>\n\n\n\n<p><strong>Presidente do CRM-PB<\/strong><\/p>\n\n\n\n<p>O presidente do Conselho Regional de Medicina da Para\u00edba (CRM-PB), Roberto Magliano, foi diagnosticado com coronav\u00edrus. A fam\u00edlia do m\u00e9dico e a assessoria de comunica\u00e7\u00e3o do CRM-PB confirmaram a informa\u00e7\u00e3o ao ClickPB nesta sexta-feira (27). Roberto Magliano est\u00e1 entre os nove casos j\u00e1 confirmados, pela manh\u00e3, de coronav\u00edrus na Para\u00edba.<\/p>\n\n\n\n<p>Roberto Magliano come\u00e7ou a sentir os sintomas no dia 16 de mar\u00e7o e foi submetido ao teste para detectar o coronav\u00edrus. Somente nesta sexta-feira (27) \u00e9 que o resultado do exame foi divulgado, tendo resultado positivo.<\/p>\n\n\n\n<p>A confirma\u00e7\u00e3o s\u00f3 foi divulgada hoje devido ao resultado do exame, de acordo com a esposa do m\u00e9dico Roberto Magliano. O presidente do CRM-PB est\u00e1 se mantendo isolado da fam\u00edlia durante todo o per\u00edodo desde que apresentou os sintomas.<\/p>\n","protected":false},"excerpt":{"rendered":"<p>Entidades representativas dos profissionais de Sa\u00fade no Estado da Para\u00edba pediram \u00e0 popula\u00e7\u00e3o para que se evite crescimento no n\u00famero de contaminados pelo novo coronav\u00edrus.&hellip; <\/p>\n","protected":false},"author":2,"featured_media":160688,"comment_status":"closed","ping_status":"closed","sticky":false,"template":"","format":"standard","meta":{"sfsi_plus_gutenberg_text_before_share":"","sfsi_plus_gutenberg_show_text_before_share":"","sfsi_plus_gutenberg_icon_type":"","sfsi_plus_gutenberg_icon_alignemt":"","sfsi_plus_gutenburg_max_per_row":"","footnotes":""},"categories":[16],"tags":[],"class_list":["post-160687","post","type-post","status-publish","format-standard","has-post-thumbnail","hentry","category-saude"],"_links":{"self":[{"href":"https:\/\/www.caririemacao.com\/1\/wp-json\/wp\/v2\/posts\/160687","targetHints":{"allow":["GET"]}}],"collection":[{"href":"https:\/\/www.caririemacao.com\/1\/wp-json\/wp\/v2\/posts"}],"about":[{"href":"https:\/\/www.caririemacao.com\/1\/wp-json\/wp\/v2\/types\/post"}],"author":[{"embeddable":true,"href":"https:\/\/www.caririemacao.com\/1\/wp-json\/wp\/v2\/users\/2"}],"replies":[{"embeddable":true,"href":"https:\/\/www.caririemacao.com\/1\/wp-json\/wp\/v2\/comments?post=160687"}],"version-history":[{"count":1,"href":"https:\/\/www.caririemacao.com\/1\/wp-json\/wp\/v2\/posts\/160687\/revisions"}],"predecessor-version":[{"id":160689,"href":"https:\/\/www.caririemacao.com\/1\/wp-json\/wp\/v2\/posts\/160687\/revisions\/160689"}],"wp:featuredmedia":[{"embeddable":true,"href":"https:\/\/www.caririemacao.com\/1\/wp-json\/wp\/v2\/media\/160688"}],"wp:attachment":[{"href":"https:\/\/www.caririemacao.com\/1\/wp-json\/wp\/v2\/media?parent=160687"}],"wp:term":[{"taxonomy":"category","embeddable":true,"href":"https:\/\/www.caririemacao.com\/1\/wp-json\/wp\/v2\/categories?post=160687"},{"taxonomy":"post_tag","embeddable":true,"href":"https:\/\/www.caririemacao.com\/1\/wp-json\/wp\/v2\/tags?post=160687"}],"curies":[{"name":"wp","href":"https:\/\/api.w.org\/{rel}","templated":true}]}}