{"id":160691,"date":"2020-03-28T06:35:34","date_gmt":"2020-03-28T09:35:34","guid":{"rendered":"http:\/\/www.caririemacao.com\/1\/?p=160691"},"modified":"2020-03-28T06:35:36","modified_gmt":"2020-03-28T09:35:36","slug":"cerca-de-25-mil-familias-paraibanas-serao-incluidas-no-bolsa-familia-em-abril","status":"publish","type":"post","link":"https:\/\/www.caririemacao.com\/1\/2020\/03\/28\/cerca-de-25-mil-familias-paraibanas-serao-incluidas-no-bolsa-familia-em-abril\/","title":{"rendered":"Cerca de 25 mil fam\u00edlias paraibanas ser\u00e3o inclu\u00eddas no Bolsa Fam\u00edlia em abril"},"content":{"rendered":"\n<p>A partir do pr\u00f3ximo m\u00eas de abril, mais 25 mil fam\u00edlias paraibanas de baixa renda ser\u00e3o inclu\u00eddas no programa Bolsa Fam\u00edlia, segundo informou o secret\u00e1rio Especial do Desenvolvimento Social, o paraibano S\u00e9rgio Queiroz. A secretaria integra o Minist\u00e9rio da Cidadania, respons\u00e1vel pelo programa social.<\/p>\n\n\n\n<p>Atualmente, a Para\u00edba tem 494.822 fam\u00edlias cadastradas no programa social, segundo dados do Governo Federal. A amplia\u00e7\u00e3o do benef\u00edcio \u00e9 decorrente de uma Medida Provis\u00f3ria assinada pelo presidente Jair Bolsonaro na \u00faltima quarta-feira (25), que libera cr\u00e9dito extraordin\u00e1rio de mais de R$ 3 bilh\u00f5es direcionados ao Bolsa Fam\u00edlia, uma das a\u00e7\u00f5es sociais para o enfrentamento ao novo coronav\u00edrus, a pandemia do Covid-19.&nbsp; Os novos recursos v\u00e3o chegar a 14,2 milh\u00f5es de fam\u00edlias brasileiras.<\/p>\n\n\n\n<p>Segundo o secret\u00e1rio especial de Desenvolvimento Social, S\u00e9rgio Queiroz, o aumento no n\u00famero de fam\u00edlias cadastradas ocorreu ap\u00f3s uma articula\u00e7\u00e3o junto ao Minist\u00e9rio da Economia para destinar mais recursos ao programa no momento em que o pa\u00eds convive com a pandemia da Covid-19. \u201cN\u00f3s estamos muito felizes em termos conseguido no Minist\u00e9rio da Economia or\u00e7amento suficiente para que pud\u00e9ssemos incluir mais 1,220 mil fam\u00edlias em todo o Pa\u00eds no Programa Bolsa Fam\u00edlia. Com isso, o governo federal demonstra a sua preocupa\u00e7\u00e3o e aten\u00e7\u00e3o com os mais necessitados, especialmente, neste momento\u201d, comentou o secret\u00e1rio.<\/p>\n\n\n\n<p>Segundo o minist\u00e9rio da Cidadania, os novos recursos garantem a amplia\u00e7\u00e3o de quase 12% na prote\u00e7\u00e3o \u00e0s fam\u00edlias da Regi\u00e3o Nordeste. O programa atende \u00e0s fam\u00edlias que vivem em situa\u00e7\u00e3o de extrema pobreza, com renda per capita de at\u00e9 R$ 89 mensais, e pobreza, com renda entre R$ 89,01 e R$ 178 mensais.<\/p>\n\n\n\n<p>O Bolsa Fam\u00edlia \u00e9 um programa de transfer\u00eancia de renda que atua em tr\u00eas eixos: complemento de renda, acesso a direitos \u2013 como educa\u00e7\u00e3o, sa\u00fade e assist\u00eancia social \u2013 e articula\u00e7\u00e3o com outras a\u00e7\u00f5es para garantir o desenvolvimento das fam\u00edlias benefici\u00e1rias.<\/p>\n","protected":false},"excerpt":{"rendered":"<p>A partir do pr\u00f3ximo m\u00eas de abril, mais 25 mil fam\u00edlias paraibanas de baixa renda ser\u00e3o inclu\u00eddas no programa Bolsa Fam\u00edlia, segundo informou o secret\u00e1rio&hellip; <\/p>\n","protected":false},"author":2,"featured_media":160692,"comment_status":"closed","ping_status":"closed","sticky":false,"template":"","format":"standard","meta":{"sfsi_plus_gutenberg_text_before_share":"","sfsi_plus_gutenberg_show_text_before_share":"","sfsi_plus_gutenberg_icon_type":"","sfsi_plus_gutenberg_icon_alignemt":"","sfsi_plus_gutenburg_max_per_row":"","footnotes":""},"categories":[2],"tags":[],"class_list":["post-160691","post","type-post","status-publish","format-standard","has-post-thumbnail","hentry","category-geral"],"_links":{"self":[{"href":"https:\/\/www.caririemacao.com\/1\/wp-json\/wp\/v2\/posts\/160691","targetHints":{"allow":["GET"]}}],"collection":[{"href":"https:\/\/www.caririemacao.com\/1\/wp-json\/wp\/v2\/posts"}],"about":[{"href":"https:\/\/www.caririemacao.com\/1\/wp-json\/wp\/v2\/types\/post"}],"author":[{"embeddable":true,"href":"https:\/\/www.caririemacao.com\/1\/wp-json\/wp\/v2\/users\/2"}],"replies":[{"embeddable":true,"href":"https:\/\/www.caririemacao.com\/1\/wp-json\/wp\/v2\/comments?post=160691"}],"version-history":[{"count":1,"href":"https:\/\/www.caririemacao.com\/1\/wp-json\/wp\/v2\/posts\/160691\/revisions"}],"predecessor-version":[{"id":160693,"href":"https:\/\/www.caririemacao.com\/1\/wp-json\/wp\/v2\/posts\/160691\/revisions\/160693"}],"wp:featuredmedia":[{"embeddable":true,"href":"https:\/\/www.caririemacao.com\/1\/wp-json\/wp\/v2\/media\/160692"}],"wp:attachment":[{"href":"https:\/\/www.caririemacao.com\/1\/wp-json\/wp\/v2\/media?parent=160691"}],"wp:term":[{"taxonomy":"category","embeddable":true,"href":"https:\/\/www.caririemacao.com\/1\/wp-json\/wp\/v2\/categories?post=160691"},{"taxonomy":"post_tag","embeddable":true,"href":"https:\/\/www.caririemacao.com\/1\/wp-json\/wp\/v2\/tags?post=160691"}],"curies":[{"name":"wp","href":"https:\/\/api.w.org\/{rel}","templated":true}]}}