{"id":160696,"date":"2020-03-28T06:40:09","date_gmt":"2020-03-28T09:40:09","guid":{"rendered":"http:\/\/www.caririemacao.com\/1\/?p=160696"},"modified":"2020-03-28T06:40:11","modified_gmt":"2020-03-28T09:40:11","slug":"coronavirus-brasil-tem-92-mortes-e-34-mil-casos-confirmados","status":"publish","type":"post","link":"https:\/\/www.caririemacao.com\/1\/2020\/03\/28\/coronavirus-brasil-tem-92-mortes-e-34-mil-casos-confirmados\/","title":{"rendered":"Coronav\u00edrus: Brasil tem 92 mortes e 3,4 mil casos confirmados"},"content":{"rendered":"\n<p>Em nova atualiza\u00e7\u00e3o do Minist\u00e9rio da Sa\u00fade sobre coronav\u00edrus, o n\u00famero de mortes chegou a 92, contra 77&nbsp;registradas ontem(26). O resultado significa um aumento de 18% em rela\u00e7\u00e3o a ontem. Em compara\u00e7\u00e3o com o in\u00edcio da semana, quando eram 25 \u00f3bitos, o n\u00famero multiplicou por 3,68 vezes.&nbsp;<\/p>\n\n\n\n<p>A taxa de letalidade chegou ao m\u00e1ximo da semana, ficando em 2,7%.&nbsp;<\/p>\n\n\n\n<p>O total de casos confirmados saiu de 2.915 para 3.417 hoje(27). O resultado de hoje marcou um aumento de 80% nos casos em rela\u00e7\u00e3o ao in\u00edcio da semana, quando foram contabilizadas 1.891 pessoas infectadas.<\/p>\n\n\n\n<p>O n\u00famero de casos novos foi de 502, atingindo o n\u00famero mais alto da s\u00e9rie hist\u00f3rica. Ontem, o acr\u00e9scimo foi de 482. Nos dias anteriores, o aumento havia sido menor, ficando na casa entre 232 e 345 casos.&nbsp;<\/p>\n\n\n\n<figure class=\"wp-block-image\"><img decoding=\"async\" data-src=\"https:\/\/imagens.ebc.com.br\/Bcow4RkW0A9dfEkVPSoaeEeYlVQ=\/754x0\/smart\/https:\/\/agenciabrasil.ebc.com.br\/sites\/default\/files\/thumbnails\/image\/coronavirus_27_03_por_dia.jpg?itok=S9BHAE-d\" alt=\"coronavirus_27_03_por_dia\" src=\"data:image\/svg+xml;base64,PHN2ZyB3aWR0aD0iMSIgaGVpZ2h0PSIxIiB4bWxucz0iaHR0cDovL3d3dy53My5vcmcvMjAwMC9zdmciPjwvc3ZnPg==\" class=\"lazyload\" \/><\/figure>\n\n\n\n<h6 class=\"wp-block-heading\">Casos novos confirmados de coronav\u00edrus no Brasil &#8211;&nbsp;<strong>Minist\u00e9rio da Sa\u00fade<\/strong><\/h6>\n\n\n\n<p>S\u00e3o Paulo acumula 1.233 casos. O estado, epicentro da epidemia no pa\u00eds, \u00e9 seguido por Rio de Janeiro (493), Cear\u00e1 (282), Distrito Federal (230), Rio Grande do Sul (195) e Minas Gerais (189).&nbsp;<\/p>\n\n\n\n<p>Tamb\u00e9m registram casos Santa Catarina (149), Paran\u00e1 (119), Bahia (115), Amazonas (89), Pernambuco (56), Goi\u00e1s (49), Esp\u00edrito Santo (47), Rio Grande do Norte (28), Mato Grosso do Sul (28), Acre (25), Sergipe (16), Maranh\u00e3o (13), Par\u00e1 (13), Alagoas (11), Mato Grosso (11), Roraima (10), Para\u00edba (nove), Piau\u00ed (nove), Tocantins (oito), Rond\u00f4nia (seis) e Amap\u00e1 (dois).<\/p>\n\n\n\n<p>No tocante ao perfil das v\u00edtimas, 89% tinham acima de 60 anos, 35% eram mulheres e 65% eram homens. Em rela\u00e7\u00e3o \u00e0s doen\u00e7as relacionadas, 47 tinham alguma doen\u00e7a&nbsp;card\u00edaca,&nbsp;34 eram&nbsp;diab\u00e9ticos,&nbsp;17 apresentavam quadro de pneumonia,&nbsp;e 10 tinham&nbsp;alguma complica\u00e7\u00e3o renal. &nbsp;<\/p>\n\n\n\n<p>O n\u00famero de internados \u00e9 de 149 em enfermaria e 186 em Unidades de Tratamento Intensivo (UTIs). As hospitaliza\u00e7\u00f5es desde o in\u00edcio dos casos somaram 497, o equivalente a 3,5% das entradas com S\u00edndrome Respirat\u00f3ria Aguda Grave (SRAG).&nbsp;<\/p>\n\n\n\n<p>Perguntado sobre a confirma\u00e7\u00e3o da covid-19 como causa de mortes, o secret\u00e1rio executivo do Minist\u00e9rio da Sa\u00fade, Jo\u00e3o Gabbardo dos Reis, afirmou que os pacientes ser\u00e3o testados. \u201c\u00c0s vezes tem que fazer uma vez, duas vezes. Mas o diagn\u00f3stico sempre vai ser realizado. N\u00e3o vai haver subnotifica\u00e7\u00e3o. O que pode haver \u00e9 retardo\u201d, comentou.<\/p>\n\n\n\n<p>O secret\u00e1rio de vigil\u00e2ncia em sa\u00fade, Wanderson de Oliveira, comentou que em algumas situa\u00e7\u00f5es pode ser dif\u00edcil fazer a confirma\u00e7\u00e3o, especialmente pelo fato do pa\u00eds ainda n\u00e3o contar com testes r\u00e1pidos.&nbsp; \u201cVamos ter resultados de caso no futuro que vamos descobrir que evolu\u00edram a partir de infec\u00e7\u00e3o pelo novo coronav\u00edrus. Todo \u00f3bito passa pela avalia\u00e7\u00e3o do comit\u00ea de \u00f3bito, isso \u00e0s vezes demora sete ou&nbsp;10 dias. Enquanto n\u00e3o tivermos testes sorol\u00f3gicos, teremos situa\u00e7\u00e3o de casos imposs\u00edveis de serem classificados\u201d, acrescentou. Os testes sorol\u00f3gicos, ou r\u00e1pidos, est\u00e3o dentro dos 22,9 milh\u00f5es de kits anunciados nesta semana.&nbsp;<\/p>\n\n\n\n<p>O secret\u00e1rio reiterou a import\u00e2ncia de seguir as recomenda\u00e7\u00f5es de preven\u00e7\u00e3o apresentadas pelo Minist\u00e9rio da Sa\u00fade.<\/p>\n\n\n\n<blockquote class=\"wp-block-quote is-layout-flow wp-block-quote-is-layout-flow\"><p>\u201c\u00c9 importante que pessoa evite aglomera\u00e7\u00f5es, saindo neste per\u00edodo, para que epidemia possa passar. Isso \u00e9 per\u00edodo passageiro, n\u00e3o \u00e9 eterno. Ele ser\u00e1 t\u00e3o curto quanto mais pessoas aderirem \u00e0s &nbsp;medidas de prote\u00e7\u00e3o\u201d, destacou.<\/p><\/blockquote>\n","protected":false},"excerpt":{"rendered":"<p>Em nova atualiza\u00e7\u00e3o do Minist\u00e9rio da Sa\u00fade sobre coronav\u00edrus, o n\u00famero de mortes chegou a 92, contra 77&nbsp;registradas ontem(26). O resultado significa um aumento de&hellip; <\/p>\n","protected":false},"author":2,"featured_media":160697,"comment_status":"closed","ping_status":"closed","sticky":false,"template":"","format":"standard","meta":{"sfsi_plus_gutenberg_text_before_share":"","sfsi_plus_gutenberg_show_text_before_share":"","sfsi_plus_gutenberg_icon_type":"","sfsi_plus_gutenberg_icon_alignemt":"","sfsi_plus_gutenburg_max_per_row":"","footnotes":""},"categories":[2],"tags":[],"class_list":["post-160696","post","type-post","status-publish","format-standard","has-post-thumbnail","hentry","category-geral"],"_links":{"self":[{"href":"https:\/\/www.caririemacao.com\/1\/wp-json\/wp\/v2\/posts\/160696","targetHints":{"allow":["GET"]}}],"collection":[{"href":"https:\/\/www.caririemacao.com\/1\/wp-json\/wp\/v2\/posts"}],"about":[{"href":"https:\/\/www.caririemacao.com\/1\/wp-json\/wp\/v2\/types\/post"}],"author":[{"embeddable":true,"href":"https:\/\/www.caririemacao.com\/1\/wp-json\/wp\/v2\/users\/2"}],"replies":[{"embeddable":true,"href":"https:\/\/www.caririemacao.com\/1\/wp-json\/wp\/v2\/comments?post=160696"}],"version-history":[{"count":1,"href":"https:\/\/www.caririemacao.com\/1\/wp-json\/wp\/v2\/posts\/160696\/revisions"}],"predecessor-version":[{"id":160698,"href":"https:\/\/www.caririemacao.com\/1\/wp-json\/wp\/v2\/posts\/160696\/revisions\/160698"}],"wp:featuredmedia":[{"embeddable":true,"href":"https:\/\/www.caririemacao.com\/1\/wp-json\/wp\/v2\/media\/160697"}],"wp:attachment":[{"href":"https:\/\/www.caririemacao.com\/1\/wp-json\/wp\/v2\/media?parent=160696"}],"wp:term":[{"taxonomy":"category","embeddable":true,"href":"https:\/\/www.caririemacao.com\/1\/wp-json\/wp\/v2\/categories?post=160696"},{"taxonomy":"post_tag","embeddable":true,"href":"https:\/\/www.caririemacao.com\/1\/wp-json\/wp\/v2\/tags?post=160696"}],"curies":[{"name":"wp","href":"https:\/\/api.w.org\/{rel}","templated":true}]}}