{"id":160699,"date":"2020-03-28T06:41:29","date_gmt":"2020-03-28T09:41:29","guid":{"rendered":"http:\/\/www.caririemacao.com\/1\/?p=160699"},"modified":"2020-03-28T09:45:24","modified_gmt":"2020-03-28T12:45:24","slug":"senado-votara-na-segunda-auxilio-de-r-600-para-trabalhadores","status":"publish","type":"post","link":"https:\/\/www.caririemacao.com\/1\/2020\/03\/28\/senado-votara-na-segunda-auxilio-de-r-600-para-trabalhadores\/","title":{"rendered":"Senado votar\u00e1 na segunda aux\u00edlio de R$ 600 para trabalhadores"},"content":{"rendered":"\n<p>O Senado votar\u00e1 na pr\u00f3xima segunda-feira (30) o pagamento de um aux\u00edlio emergencial por tr\u00eas meses, no valor de R$ 600, destinado aos trabalhadores aut\u00f4nomos, informais e sem renda fixa. O presidente da Casa, Davi Alcolumbre (DEM-AP), confirmou a vota\u00e7\u00e3o para o in\u00edcio da pr\u00f3xima semana em postagem no Twitter.<\/p>\n\n\n\n<p>Diante da import\u00e2ncia e necessidade do repasse de R$ 600 a R$ 1.200, por 3 meses, aos trabalhadores aut\u00f4nomos, o Senado Federal cumprir\u00e1 o seu papel em nome do povo brasileiro e votar\u00e1 o projeto na pr\u00f3xima segunda-feira (30), por meio da vota\u00e7\u00e3o a dist\u00e2ncia. <\/p>\n\n\n\n<p>Alcolumbre est\u00e1 se recuperando ap\u00f3s ser diagnosticado com o novo coronav\u00edrus. Quem tem presidido as sess\u00f5es remotas \u00e9 o vice-presidente, senador Antonio Anastasia (PSD-MG). A sess\u00e3o est\u00e1 prevista para ocorrer \u00e0s 16h. Horas antes, pela manh\u00e3, os l\u00edderes se reunir\u00e3o, tamb\u00e9m remotamente, para discutir outras vota\u00e7\u00f5es priorit\u00e1rias da semana.<\/p>\n\n\n\n<p>Pelas manifesta\u00e7\u00f5es de senadores nas redes sociais, a expectativa \u00e9 que a medida seja aprovada sem obje\u00e7\u00f5es. O vice-l\u00edder do governo, senador Chico Rodrigues (DEM-RR), e o l\u00edder da minoria, Randolfe Rodrigues (Rede-AP), se manifestaram favor\u00e1veis \u00e0 vota\u00e7\u00e3o e sua aprova\u00e7\u00e3o. Al\u00e9m deles, a senadora Eliziane Gama (Cidadania-MA) e os senadores Veneziano Vital do R\u00eago (PSB-PB) e Esperidi\u00e3o Amin (PP-SC) tamb\u00e9m se manifestaram favor\u00e1veis.<\/p>\n\n\n\n<p>O aux\u00edlio, que\u00a0foi aprovado na C\u00e2mara dos Deputados\u00a0ontem (26), \u00a0\u00e9 voltado aos trabalhadores informais (sem carteira assinada), \u00e0s pessoas sem assist\u00eancia social e \u00e0 popula\u00e7\u00e3o que desistiu de procurar emprego. A medida \u00e9 uma forma de amparar as camadas mais vulner\u00e1veis \u00e0 crise econ\u00f4mica causada pela dissemina\u00e7\u00e3o da covid-19 no Brasil e o aux\u00edlio ser\u00e1 distribu\u00eddo por meio de\u00a0<em>vouchers\u00a0<\/em>(cupons).<\/p>\n","protected":false},"excerpt":{"rendered":"<p>O Senado votar\u00e1 na pr\u00f3xima segunda-feira (30) o pagamento de um aux\u00edlio emergencial por tr\u00eas meses, no valor de R$ 600, destinado aos trabalhadores aut\u00f4nomos,&hellip; <\/p>\n","protected":false},"author":2,"featured_media":160700,"comment_status":"closed","ping_status":"closed","sticky":false,"template":"","format":"standard","meta":{"sfsi_plus_gutenberg_text_before_share":"","sfsi_plus_gutenberg_show_text_before_share":"","sfsi_plus_gutenberg_icon_type":"","sfsi_plus_gutenberg_icon_alignemt":"","sfsi_plus_gutenburg_max_per_row":"","footnotes":""},"categories":[2],"tags":[],"class_list":["post-160699","post","type-post","status-publish","format-standard","has-post-thumbnail","hentry","category-geral"],"_links":{"self":[{"href":"https:\/\/www.caririemacao.com\/1\/wp-json\/wp\/v2\/posts\/160699","targetHints":{"allow":["GET"]}}],"collection":[{"href":"https:\/\/www.caririemacao.com\/1\/wp-json\/wp\/v2\/posts"}],"about":[{"href":"https:\/\/www.caririemacao.com\/1\/wp-json\/wp\/v2\/types\/post"}],"author":[{"embeddable":true,"href":"https:\/\/www.caririemacao.com\/1\/wp-json\/wp\/v2\/users\/2"}],"replies":[{"embeddable":true,"href":"https:\/\/www.caririemacao.com\/1\/wp-json\/wp\/v2\/comments?post=160699"}],"version-history":[{"count":2,"href":"https:\/\/www.caririemacao.com\/1\/wp-json\/wp\/v2\/posts\/160699\/revisions"}],"predecessor-version":[{"id":160759,"href":"https:\/\/www.caririemacao.com\/1\/wp-json\/wp\/v2\/posts\/160699\/revisions\/160759"}],"wp:featuredmedia":[{"embeddable":true,"href":"https:\/\/www.caririemacao.com\/1\/wp-json\/wp\/v2\/media\/160700"}],"wp:attachment":[{"href":"https:\/\/www.caririemacao.com\/1\/wp-json\/wp\/v2\/media?parent=160699"}],"wp:term":[{"taxonomy":"category","embeddable":true,"href":"https:\/\/www.caririemacao.com\/1\/wp-json\/wp\/v2\/categories?post=160699"},{"taxonomy":"post_tag","embeddable":true,"href":"https:\/\/www.caririemacao.com\/1\/wp-json\/wp\/v2\/tags?post=160699"}],"curies":[{"name":"wp","href":"https:\/\/api.w.org\/{rel}","templated":true}]}}