{"id":160703,"date":"2020-03-28T06:42:35","date_gmt":"2020-03-28T09:42:35","guid":{"rendered":"http:\/\/www.caririemacao.com\/1\/?p=160703"},"modified":"2020-03-28T06:43:02","modified_gmt":"2020-03-28T09:43:02","slug":"dolar-comercial-volta-a-ser-vendido-acima-de-r-510","status":"publish","type":"post","link":"https:\/\/www.caririemacao.com\/1\/2020\/03\/28\/dolar-comercial-volta-a-ser-vendido-acima-de-r-510\/","title":{"rendered":"D\u00f3lar comercial volta a ser vendido acima de R$ 5,10"},"content":{"rendered":"\n<p>Depois de tr\u00eas dias de al\u00edvio nos preg\u00f5es globais, o mercado financeiro voltou a&nbsp;ter&nbsp;um dia de nervosismo. A bolsa de valores caiu e voltou a se aproximar dos 70 mil pontos. O d\u00f3lar, que&nbsp;ontem&nbsp;&nbsp;(26) tinha fechado abaixo de R$ 5, subiu e voltou a ser vendido acima de R$ 5,10.<\/p>\n\n\n\n<p>O \u00edndice Ibovespa, da B3, a Bolsa de Valores brasileira, fechou esta&nbsp;sexta-feira (27) aos 73.429 pontos, com queda de 5,51%. O \u00edndice operou em baixa durante todo o dia, seguindo o&nbsp;&nbsp;<\/p>\n\n\n\n<p>O d\u00f3lar comercial encerrou o dia vendido a R$ 5,107, com alta de R$ 0,111 (+2,22%). Por volta das 16h30, a cota\u00e7\u00e3o estava em R$ 5,05, mas subiu nos minutos finais de negocia\u00e7\u00e3o. A divisa acumula alta de 27,2% em 2020. Diferentemente dos \u00faltimos dias, o Banco Central (BC) voltou a intervir no mercado. A autoridade monet\u00e1ria vendeu US$ 1,02 bilh\u00e3o das reservas internacionais, em dois leil\u00f5es.<\/p>\n\n\n\n<h2 class=\"wp-block-heading\">Estados Unidos<\/h2>\n\n\n\n<p>Nos Estados Unidos, a bolsa teve um dia de realiza\u00e7\u00e3o de lucros, quando os investidores vendem a\u00e7\u00f5es para embolsar ganhos, ap\u00f3s tr\u00eas dias seguidos de alta. O \u00edndice Dow Jones, da Bolsa de Nova York, caiu 4,06%, mesmo com a aprova\u00e7\u00e3o, pelo Congresso norte-americano, de um pacote de est\u00edmulos de US$ 2 trilh\u00f5es para reativar a maior economia do planeta.<\/p>\n\n\n\n<p>Paralelamente, o Federal Reserve, Banco Central norte-americano, est\u00e1 comprando indefinidamente d\u00edvidas corporativas e emprestando recursos diretamente a empresas pelo tempo necess\u00e1rio.&nbsp;Ontem, os pa\u00edses do G20, grupo que re\u00fane as 20 maiores economias do mundo, inclusive o Brasil, comprometeram-se a injetar US$ 5 trilh\u00f5es na economia global.<\/p>\n\n\n\n<h2 class=\"wp-block-heading\">Pacote de medidas<\/h2>\n\n\n\n<p>No Brasil, o mercado continua a reagir \u00e0s medidas para aliviar o impacto da crise do coronav\u00edrus, que devem chegar a R$ 700 bilh\u00f5es nos pr\u00f3ximos tr\u00eas meses, segundo o&nbsp;<a href=\"https:\/\/agenciabrasil.ebc.com.br\/economia\/noticia\/2020-03\/acoes-para-enfrentar-coronavirus-totalizam-r-700-bi-diz-guedes\" target=\"_blank\" rel=\"noreferrer noopener\">ministro da Economia<\/a>, Paulo Guedes. Apenas a ajuda de R$ 600 para trabalhadores aut\u00f4nomos, aprovada&nbsp;ontem&nbsp;pela C\u00e2mara dos Deputados,&nbsp;ter\u00e1 impacto de R$ 45 bilh\u00f5es no or\u00e7amento.<\/p>\n\n\n\n<p>Nos \u00faltimos dias, o governo brasileiro anunciou uma ajuda emergencial de R$ 88,2 bilh\u00f5es para estados e munic\u00edpios. O Banco Central (BC) liberou R$ 1,2 trilh\u00e3o na economia, principalmente por meio da redu\u00e7\u00e3o de compuls\u00f3rios, dinheiro que os bancos s\u00e3o obrigados a reter no BC. A edi\u00e7\u00e3o de medidas provis\u00f3rias para flexibilizar a legisla\u00e7\u00e3o trabalhista durante a crise alivia a perda do valor de a\u00e7\u00f5es de diversas empresas.<\/p>\n\n\n\n<h2 class=\"wp-block-heading\">Petr\u00f3leo<\/h2>\n\n\n\n<p>A intensifica\u00e7\u00e3o da guerra de pre\u00e7os do petr\u00f3leo entre Ar\u00e1bia Saudita e R\u00fassia, que tinha dado uma tr\u00e9gua nos \u00faltimos dias, voltou a pressionar o mercado. Os dois pa\u00edses est\u00e3o aumentando a produ\u00e7\u00e3o de barris, o que tem provocado uma redu\u00e7\u00e3o na cota\u00e7\u00e3o do produto.<\/p>\n\n\n\n<p>O barril do tipo Brent voltou a cair. Por volta das 18h, a cota\u00e7\u00e3o estava em US$ 25,10, com recuo de 4,71%. As a\u00e7\u00f5es da Petrobras, as mais negociadas na bolsa, despencaram. Os pap\u00e9is ordin\u00e1rios (com direito a voto em assembleia de acionistas) ca\u00edram 10,75% nesta&nbsp;sexta. Os pap\u00e9is preferenciais (com prefer\u00eancia na distribui\u00e7\u00e3o de dividendos) recuaram 7,57%.<\/p>\n","protected":false},"excerpt":{"rendered":"<p>Depois de tr\u00eas dias de al\u00edvio nos preg\u00f5es globais, o mercado financeiro voltou a&nbsp;ter&nbsp;um dia de nervosismo. A bolsa de valores caiu e voltou a&hellip; <\/p>\n","protected":false},"author":2,"featured_media":107924,"comment_status":"closed","ping_status":"closed","sticky":false,"template":"","format":"standard","meta":{"sfsi_plus_gutenberg_text_before_share":"","sfsi_plus_gutenberg_show_text_before_share":"","sfsi_plus_gutenberg_icon_type":"","sfsi_plus_gutenberg_icon_alignemt":"","sfsi_plus_gutenburg_max_per_row":"","footnotes":""},"categories":[2],"tags":[],"class_list":["post-160703","post","type-post","status-publish","format-standard","has-post-thumbnail","hentry","category-geral"],"_links":{"self":[{"href":"https:\/\/www.caririemacao.com\/1\/wp-json\/wp\/v2\/posts\/160703","targetHints":{"allow":["GET"]}}],"collection":[{"href":"https:\/\/www.caririemacao.com\/1\/wp-json\/wp\/v2\/posts"}],"about":[{"href":"https:\/\/www.caririemacao.com\/1\/wp-json\/wp\/v2\/types\/post"}],"author":[{"embeddable":true,"href":"https:\/\/www.caririemacao.com\/1\/wp-json\/wp\/v2\/users\/2"}],"replies":[{"embeddable":true,"href":"https:\/\/www.caririemacao.com\/1\/wp-json\/wp\/v2\/comments?post=160703"}],"version-history":[{"count":1,"href":"https:\/\/www.caririemacao.com\/1\/wp-json\/wp\/v2\/posts\/160703\/revisions"}],"predecessor-version":[{"id":160705,"href":"https:\/\/www.caririemacao.com\/1\/wp-json\/wp\/v2\/posts\/160703\/revisions\/160705"}],"wp:featuredmedia":[{"embeddable":true,"href":"https:\/\/www.caririemacao.com\/1\/wp-json\/wp\/v2\/media\/107924"}],"wp:attachment":[{"href":"https:\/\/www.caririemacao.com\/1\/wp-json\/wp\/v2\/media?parent=160703"}],"wp:term":[{"taxonomy":"category","embeddable":true,"href":"https:\/\/www.caririemacao.com\/1\/wp-json\/wp\/v2\/categories?post=160703"},{"taxonomy":"post_tag","embeddable":true,"href":"https:\/\/www.caririemacao.com\/1\/wp-json\/wp\/v2\/tags?post=160703"}],"curies":[{"name":"wp","href":"https:\/\/api.w.org\/{rel}","templated":true}]}}