{"id":160708,"date":"2020-03-28T09:16:32","date_gmt":"2020-03-28T12:16:32","guid":{"rendered":"http:\/\/www.caririemacao.com\/1\/?p=160708"},"modified":"2020-03-28T09:16:34","modified_gmt":"2020-03-28T12:16:34","slug":"acude-de-boqueirao-sobe-9-centimetros-neste-sabado-28","status":"publish","type":"post","link":"https:\/\/www.caririemacao.com\/1\/2020\/03\/28\/acude-de-boqueirao-sobe-9-centimetros-neste-sabado-28\/","title":{"rendered":"A\u00e7ude de Boqueir\u00e3o sobe 9 cent\u00edmetros neste s\u00e1bado (28)"},"content":{"rendered":"\n<p>O A\u00e7ude Epit\u00e1cio Pessoa, em Boqueir\u00e3o, segue recebendo novas \u00e1guas em sua bacia. De acordo com a medi\u00e7\u00e3o deste s\u00e1bado (28), o manancial est\u00e1 com 62,72% de sua capacidade. De ontem para hoje, 12 cent\u00edmetros surgiram na l\u00e2mina do a\u00e7ude.<\/p>\n\n\n\n<p>O gigante Boqueir\u00e3o \u00e9 respons\u00e1vel pelo abastecimento de Campina Grande e outras 19 cidades, al\u00e9m de impactar direto na economia da regi\u00e3o.<\/p>\n\n\n\n<p>Com as \u00e1guas do A\u00e7ude Epit\u00e1cio, se produz frutas, verduras e legumes que s\u00e3o distribu\u00eddas em v\u00e1rias partes do Nordeste.<\/p>\n\n\n\n<p><strong>Blog do Bruno Lira<\/strong><\/p>\n","protected":false},"excerpt":{"rendered":"<p>O A\u00e7ude Epit\u00e1cio Pessoa, em Boqueir\u00e3o, segue recebendo novas \u00e1guas em sua bacia. De acordo com a medi\u00e7\u00e3o deste s\u00e1bado (28), o manancial est\u00e1 com&hellip; <\/p>\n","protected":false},"author":2,"featured_media":156769,"comment_status":"closed","ping_status":"closed","sticky":false,"template":"","format":"standard","meta":{"sfsi_plus_gutenberg_text_before_share":"","sfsi_plus_gutenberg_show_text_before_share":"","sfsi_plus_gutenberg_icon_type":"","sfsi_plus_gutenberg_icon_alignemt":"","sfsi_plus_gutenburg_max_per_row":"","footnotes":""},"categories":[6],"tags":[],"class_list":["post-160708","post","type-post","status-publish","format-standard","has-post-thumbnail","hentry","category-cidades"],"_links":{"self":[{"href":"https:\/\/www.caririemacao.com\/1\/wp-json\/wp\/v2\/posts\/160708","targetHints":{"allow":["GET"]}}],"collection":[{"href":"https:\/\/www.caririemacao.com\/1\/wp-json\/wp\/v2\/posts"}],"about":[{"href":"https:\/\/www.caririemacao.com\/1\/wp-json\/wp\/v2\/types\/post"}],"author":[{"embeddable":true,"href":"https:\/\/www.caririemacao.com\/1\/wp-json\/wp\/v2\/users\/2"}],"replies":[{"embeddable":true,"href":"https:\/\/www.caririemacao.com\/1\/wp-json\/wp\/v2\/comments?post=160708"}],"version-history":[{"count":1,"href":"https:\/\/www.caririemacao.com\/1\/wp-json\/wp\/v2\/posts\/160708\/revisions"}],"predecessor-version":[{"id":160732,"href":"https:\/\/www.caririemacao.com\/1\/wp-json\/wp\/v2\/posts\/160708\/revisions\/160732"}],"wp:featuredmedia":[{"embeddable":true,"href":"https:\/\/www.caririemacao.com\/1\/wp-json\/wp\/v2\/media\/156769"}],"wp:attachment":[{"href":"https:\/\/www.caririemacao.com\/1\/wp-json\/wp\/v2\/media?parent=160708"}],"wp:term":[{"taxonomy":"category","embeddable":true,"href":"https:\/\/www.caririemacao.com\/1\/wp-json\/wp\/v2\/categories?post=160708"},{"taxonomy":"post_tag","embeddable":true,"href":"https:\/\/www.caririemacao.com\/1\/wp-json\/wp\/v2\/tags?post=160708"}],"curies":[{"name":"wp","href":"https:\/\/api.w.org\/{rel}","templated":true}]}}