{"id":160709,"date":"2020-03-28T07:26:20","date_gmt":"2020-03-28T10:26:20","guid":{"rendered":"http:\/\/www.caririemacao.com\/1\/?p=160709"},"modified":"2020-03-28T09:47:53","modified_gmt":"2020-03-28T12:47:53","slug":"monteiro-prefeita-participa-de-programa-radio-para-informar-sobre-quarentena","status":"publish","type":"post","link":"https:\/\/www.caririemacao.com\/1\/2020\/03\/28\/monteiro-prefeita-participa-de-programa-radio-para-informar-sobre-quarentena\/","title":{"rendered":"Monteiro: Prefeita participa de programa de r\u00e1dio, para informar sobre quarentena"},"content":{"rendered":"\n<p>A prefeita de Monteiro, Anna Lorena, participou ao vivo na tarde da \u00faltima sexta-feira (27), de um programa de r\u00e1dio na Monteiro FM, para esclarecer algumas informa\u00e7\u00f5es a cerca da quarentena no munic\u00edpio.<\/p>\n\n\n\n<p><br>A gestora abriu sua fala destacando que a situa\u00e7\u00e3o em que o pa\u00eds se encontra \u00e9 bastante complicada que \u00e9 necess\u00e1rio cautela, bom senso e conscientiza\u00e7\u00e3o de cada monteirense e principalmente de todos que est\u00e3o a frente da gest\u00e3o municipal, ressaltando que este \u00e9 um trabalho de v\u00e1rias m\u00e3os.<\/p>\n\n\n\n<p>Sobre as barreiras que est\u00e3o acontecendo nas principais entradas da cidade, Anna Lorena enfatizou que este \u00e9 um trabalho de informa\u00e7\u00e3o e monitoramento \u00e0 pessoas que chegam de locais com casos confirmados do Covid-19 e que tamb\u00e9m na a\u00e7\u00e3o \u00e9 recomendada a quarentena em isolamento familiar. \u201cN\u00e3o s\u00e3o blitz e nem fechamos fronteiras, mas estamos com o aux\u00edlio de equipes de diversas \u00e1reas incluindo Bombeiros e Pol\u00edcia, onde aqui agradecemos a dedica\u00e7\u00e3o, para alertar e assegurar dentro de nossas possibilidades que o v\u00edrus n\u00e3o chegue a Monteiro\u201d.<\/p>\n\n\n\n<p>A respeito do decreto estadual, a prefeita Anna Lorena disse que esta \u00e9 um quest\u00e3o delicada e exige bom senso de todos neste momento. \u201cNo decreto estadual, flexibiliza-se a abertura de alguns com\u00e9rcios em cidades que n\u00e3o tem casos confirmados, mas aqui fa\u00e7o um par\u00eantese, talvez estas medidas de isolamento e preven\u00e7\u00e3o com idosos, fechamentos de com\u00e9rcios n\u00e3o essenciais que estamos adotando atrav\u00e9s da Secretaria de Sa\u00fade, sejam elas que fa\u00e7am com que esses casos n\u00e3o tenham chegado aqui\u201d.<\/p>\n\n\n\n<p>A gestora ainda disse que compreende a situa\u00e7\u00e3o que a comunidade vem passando, n\u00e3o s\u00f3 como cidad\u00e3, mas tamb\u00e9m enquanto comerciante, e principalmente quanto gestora e diz: \u201cN\u00e3o s\u00e3o s\u00f3 os comerciantes que sentem o peso destas decis\u00f5es, a administra\u00e7\u00e3o tamb\u00e9m est\u00e1 inteiramente ligada a quest\u00e3o econ\u00f4mica, pois a arrecada\u00e7\u00e3o municipal tamb\u00e9m depende do com\u00e9rcio. Tamb\u00e9m precisamos entender que n\u00e3o podemos voltar a vida normal assim de forma repentina. Observamos pelos notici\u00e1rios que grandes pa\u00edses e cidades desenvolvidas n\u00e3o adotaram as medidas de quarentena e tem sofrido com o aumento expressivo de casos e \u00f3bitos\u201d.<\/p>\n\n\n\n<p>Anna Lorena ainda falou sobre o aux\u00edlio financeiro para aut\u00f4nomos que ser\u00e1 liberado por tr\u00eas meses pelo governo, mas que a medida ainda precisa passar por vota\u00e7\u00e3o e sans\u00e3o da presid\u00eancia. Com rela\u00e7\u00e3o ao munic\u00edpio a prefeita ainda informou sobre os kits de complemento nutricional que est\u00e3o sendo entregues casa a casa aos estudantes da Rede Municipal, assim como a entrega da Cesta Social que n\u00e3o parou mesmo com toda esta situa\u00e7\u00e3o.<\/p>\n\n\n\n<p>Finalizando Anna Lorena disse: \u201cQuem puder ficar em casa fique, principalmente os idosos. Observamos que durante estes exames para testar e descartar o Cocid-19, foram detectados tamb\u00e9m casos de H1N1 e dengue. As medidas preventivas continuar\u00e3o. Aos comerciantes agradecemos, pois eles nos atenderam prontamente e ainda aconselhamos prud\u00eancia e que busquem uma forma de acolher os clientes de forma segura. Os casos na Para\u00edba j\u00e1 est\u00e3o aumentando, como em Campina Grande com a confirma\u00e7\u00e3o de mais casos. Precisamos encontrar caminhos com responsabilidade pois a nossa grande preocupa\u00e7\u00e3o \u00e9 faltar meios de atender &nbsp;a popula\u00e7\u00e3o, mesmo com a estrutura que preparamos\u201d.<\/p>\n\n\n\n<p>Do(a)&nbsp;Secom &#8211; PMM&nbsp;<\/p>\n","protected":false},"excerpt":{"rendered":"<p>A prefeita de Monteiro, Anna Lorena, participou ao vivo na tarde da \u00faltima sexta-feira (27), de um programa de r\u00e1dio na Monteiro FM, para esclarecer&hellip; <\/p>\n","protected":false},"author":1,"featured_media":160710,"comment_status":"closed","ping_status":"closed","sticky":false,"template":"","format":"standard","meta":{"sfsi_plus_gutenberg_text_before_share":"","sfsi_plus_gutenberg_show_text_before_share":"","sfsi_plus_gutenberg_icon_type":"","sfsi_plus_gutenberg_icon_alignemt":"","sfsi_plus_gutenburg_max_per_row":"","footnotes":""},"categories":[6,50,16],"tags":[],"class_list":["post-160709","post","type-post","status-publish","format-standard","has-post-thumbnail","hentry","category-cidades","category-destaque","category-saude"],"_links":{"self":[{"href":"https:\/\/www.caririemacao.com\/1\/wp-json\/wp\/v2\/posts\/160709","targetHints":{"allow":["GET"]}}],"collection":[{"href":"https:\/\/www.caririemacao.com\/1\/wp-json\/wp\/v2\/posts"}],"about":[{"href":"https:\/\/www.caririemacao.com\/1\/wp-json\/wp\/v2\/types\/post"}],"author":[{"embeddable":true,"href":"https:\/\/www.caririemacao.com\/1\/wp-json\/wp\/v2\/users\/1"}],"replies":[{"embeddable":true,"href":"https:\/\/www.caririemacao.com\/1\/wp-json\/wp\/v2\/comments?post=160709"}],"version-history":[{"count":2,"href":"https:\/\/www.caririemacao.com\/1\/wp-json\/wp\/v2\/posts\/160709\/revisions"}],"predecessor-version":[{"id":160760,"href":"https:\/\/www.caririemacao.com\/1\/wp-json\/wp\/v2\/posts\/160709\/revisions\/160760"}],"wp:featuredmedia":[{"embeddable":true,"href":"https:\/\/www.caririemacao.com\/1\/wp-json\/wp\/v2\/media\/160710"}],"wp:attachment":[{"href":"https:\/\/www.caririemacao.com\/1\/wp-json\/wp\/v2\/media?parent=160709"}],"wp:term":[{"taxonomy":"category","embeddable":true,"href":"https:\/\/www.caririemacao.com\/1\/wp-json\/wp\/v2\/categories?post=160709"},{"taxonomy":"post_tag","embeddable":true,"href":"https:\/\/www.caririemacao.com\/1\/wp-json\/wp\/v2\/tags?post=160709"}],"curies":[{"name":"wp","href":"https:\/\/api.w.org\/{rel}","templated":true}]}}