{"id":160715,"date":"2020-03-28T07:40:29","date_gmt":"2020-03-28T10:40:29","guid":{"rendered":"http:\/\/www.caririemacao.com\/1\/?p=160715"},"modified":"2020-03-28T07:40:30","modified_gmt":"2020-03-28T10:40:30","slug":"coronavirus-vigilancia-em-saude-intensiva-acoes-em-monteiro","status":"publish","type":"post","link":"https:\/\/www.caririemacao.com\/1\/2020\/03\/28\/coronavirus-vigilancia-em-saude-intensiva-acoes-em-monteiro\/","title":{"rendered":"Coronav\u00edrus: Vigil\u00e2ncia em sa\u00fade intensiva a\u00e7\u00f5es em Monteiro"},"content":{"rendered":"\n<p>Com a parceria entre a Secretaria Municipal de Sa\u00fade, por meio da Vigil\u00e2ncia em Sa\u00fade, junto a Montran, Pol\u00edcia Militar e Bombeiros Civis, as a\u00e7\u00f5es de combate ao coronav\u00edrus tem sido intensificadas no munic\u00edpio de Monteiro.<\/p>\n\n\n\n<p>Na manh\u00e3 da \u00faltima quinta-feira, 26, foi iniciada uma a\u00e7\u00e3o de abordagem aos viajantes que chegam ao munic\u00edpio, onde no momento \u00e9 realizada a aferi\u00e7\u00e3o da temperatura, bem como o trabalho de orienta\u00e7\u00e3o. Nos casos onde se constate algum sintoma referente ao coronav\u00edrus, as medidas s\u00e3o determinadas no local enviando a pessoa para o atendimento necess\u00e1rio, seja nas Unidades B\u00e1sicas de Sa\u00fade, UPA ou Hospital Regional.<\/p>\n\n\n\n<figure class=\"wp-block-image size-large\"><img fetchpriority=\"high\" decoding=\"async\" width=\"1024\" height=\"576\" src=\"http:\/\/www.caririemacao.com\/1\/wp-content\/uploads\/2020\/03\/vigilancia-em-saude-intensifica-acoes-de-combate-ao-coronavirus-no-municipio-de-monteiro-4-1024x576.jpeg\" alt=\"\" class=\"wp-image-160716\" srcset=\"https:\/\/www.caririemacao.com\/1\/wp-content\/uploads\/2020\/03\/vigilancia-em-saude-intensifica-acoes-de-combate-ao-coronavirus-no-municipio-de-monteiro-4-1024x576.jpeg 1024w, https:\/\/www.caririemacao.com\/1\/wp-content\/uploads\/2020\/03\/vigilancia-em-saude-intensifica-acoes-de-combate-ao-coronavirus-no-municipio-de-monteiro-4-300x169.jpeg 300w, https:\/\/www.caririemacao.com\/1\/wp-content\/uploads\/2020\/03\/vigilancia-em-saude-intensifica-acoes-de-combate-ao-coronavirus-no-municipio-de-monteiro-4-768x432.jpeg 768w, https:\/\/www.caririemacao.com\/1\/wp-content\/uploads\/2020\/03\/vigilancia-em-saude-intensifica-acoes-de-combate-ao-coronavirus-no-municipio-de-monteiro-4.jpeg 1280w\" sizes=\"(max-width: 1024px) 100vw, 1024px\" \/><\/figure>\n\n\n\n<p>As barreiras est\u00e3o presentes nas principais entradas do munic\u00edpio: Avenida Recife \u2013 sa\u00edda para Sum\u00e9, Antiga Manzu\u00e1 \u2013 sa\u00edda para Sert\u00e2nia-PE, e Rodovia 264 \u2013 sa\u00edda para Zabel\u00ea.<\/p>\n\n\n\n<figure class=\"wp-block-image size-large\"><img decoding=\"async\" width=\"1024\" height=\"681\" data-src=\"http:\/\/www.caririemacao.com\/1\/wp-content\/uploads\/2020\/03\/vigilancia-em-saude-intensifica-acoes-de-combate-ao-coronavirus-no-municipio-de-monteiro-7-1024x681.jpeg\" alt=\"\" class=\"wp-image-160717 lazyload\" data-srcset=\"https:\/\/www.caririemacao.com\/1\/wp-content\/uploads\/2020\/03\/vigilancia-em-saude-intensifica-acoes-de-combate-ao-coronavirus-no-municipio-de-monteiro-7-1024x681.jpeg 1024w, https:\/\/www.caririemacao.com\/1\/wp-content\/uploads\/2020\/03\/vigilancia-em-saude-intensifica-acoes-de-combate-ao-coronavirus-no-municipio-de-monteiro-7-300x199.jpeg 300w, https:\/\/www.caririemacao.com\/1\/wp-content\/uploads\/2020\/03\/vigilancia-em-saude-intensifica-acoes-de-combate-ao-coronavirus-no-municipio-de-monteiro-7-768x511.jpeg 768w, https:\/\/www.caririemacao.com\/1\/wp-content\/uploads\/2020\/03\/vigilancia-em-saude-intensifica-acoes-de-combate-ao-coronavirus-no-municipio-de-monteiro-7.jpeg 1280w\" data-sizes=\"(max-width: 1024px) 100vw, 1024px\" src=\"data:image\/svg+xml;base64,PHN2ZyB3aWR0aD0iMSIgaGVpZ2h0PSIxIiB4bWxucz0iaHR0cDovL3d3dy53My5vcmcvMjAwMC9zdmciPjwvc3ZnPg==\" style=\"--smush-placeholder-width: 1024px; --smush-placeholder-aspect-ratio: 1024\/681;\" \/><\/figure>\n\n\n\n<p>\u201cPrecisamos tomar estas medidas para que Monteiro continue sem o registro de casos do Covid-19. Com esta a\u00e7\u00e3o resguardamos a popula\u00e7\u00e3o e tamb\u00e9m quem chega. Este \u00e9 mais um cuidado que a prefeita Anna Lorena vem tendo com o munic\u00edpio\u201d, comentou Silvana Silva, diretora da Vigil\u00e2ncia em Sa\u00fade<\/p>\n","protected":false},"excerpt":{"rendered":"<p>Com a parceria entre a Secretaria Municipal de Sa\u00fade, por meio da Vigil\u00e2ncia em Sa\u00fade, junto a Montran, Pol\u00edcia Militar e Bombeiros Civis, as a\u00e7\u00f5es&hellip; <\/p>\n","protected":false},"author":1,"featured_media":160718,"comment_status":"closed","ping_status":"closed","sticky":false,"template":"","format":"standard","meta":{"sfsi_plus_gutenberg_text_before_share":"","sfsi_plus_gutenberg_show_text_before_share":"","sfsi_plus_gutenberg_icon_type":"","sfsi_plus_gutenberg_icon_alignemt":"","sfsi_plus_gutenburg_max_per_row":"","footnotes":""},"categories":[6,50],"tags":[],"class_list":["post-160715","post","type-post","status-publish","format-standard","has-post-thumbnail","hentry","category-cidades","category-destaque"],"_links":{"self":[{"href":"https:\/\/www.caririemacao.com\/1\/wp-json\/wp\/v2\/posts\/160715","targetHints":{"allow":["GET"]}}],"collection":[{"href":"https:\/\/www.caririemacao.com\/1\/wp-json\/wp\/v2\/posts"}],"about":[{"href":"https:\/\/www.caririemacao.com\/1\/wp-json\/wp\/v2\/types\/post"}],"author":[{"embeddable":true,"href":"https:\/\/www.caririemacao.com\/1\/wp-json\/wp\/v2\/users\/1"}],"replies":[{"embeddable":true,"href":"https:\/\/www.caririemacao.com\/1\/wp-json\/wp\/v2\/comments?post=160715"}],"version-history":[{"count":1,"href":"https:\/\/www.caririemacao.com\/1\/wp-json\/wp\/v2\/posts\/160715\/revisions"}],"predecessor-version":[{"id":160719,"href":"https:\/\/www.caririemacao.com\/1\/wp-json\/wp\/v2\/posts\/160715\/revisions\/160719"}],"wp:featuredmedia":[{"embeddable":true,"href":"https:\/\/www.caririemacao.com\/1\/wp-json\/wp\/v2\/media\/160718"}],"wp:attachment":[{"href":"https:\/\/www.caririemacao.com\/1\/wp-json\/wp\/v2\/media?parent=160715"}],"wp:term":[{"taxonomy":"category","embeddable":true,"href":"https:\/\/www.caririemacao.com\/1\/wp-json\/wp\/v2\/categories?post=160715"},{"taxonomy":"post_tag","embeddable":true,"href":"https:\/\/www.caririemacao.com\/1\/wp-json\/wp\/v2\/tags?post=160715"}],"curies":[{"name":"wp","href":"https:\/\/api.w.org\/{rel}","templated":true}]}}