{"id":160720,"date":"2020-03-28T07:45:10","date_gmt":"2020-03-28T10:45:10","guid":{"rendered":"http:\/\/www.caririemacao.com\/1\/?p=160720"},"modified":"2020-03-28T09:49:50","modified_gmt":"2020-03-28T12:49:50","slug":"em-monteiro-professores-usam-rede-social-para-realizar-atividades-com-alunos","status":"publish","type":"post","link":"https:\/\/www.caririemacao.com\/1\/2020\/03\/28\/em-monteiro-professores-usam-rede-social-para-realizar-atividades-com-alunos\/","title":{"rendered":"Em Monteiro: professores usam rede social para realizar atividades com alunos"},"content":{"rendered":"\n<p>Em meio \u00e0s medidas preventivas contra o Coronav\u00edrus (Covid-19), a Prefeitura de Monteiro, por meio da Secretaria de Educa\u00e7\u00e3o, vem realizando atividades alternativas para o alunado a manter o ritmo de aprendizagem, especialmente na zona rural do munic\u00edpio.<\/p>\n\n\n\n<p>Para incentivar a perman\u00eancia dos alunos em casa, os professores utilizam uma das maiores redes sociais, o whatsapp, para enviar as li\u00e7\u00f5es e acompanhar o rendimento das crian\u00e7as. A medida se estender\u00e1 at\u00e9 a publica\u00e7\u00e3o de um novo decreto que determine o retorno das aulas.<\/p>\n\n\n\n<p>De acordo com a secret\u00e1ria de Educa\u00e7\u00e3o, Ana Lima, foram desenvolvidas atividades para que as crian\u00e7as continuem dentro de casa, restringindo um poss\u00edvel cont\u00e1gio pela doen\u00e7a. \u201cUtilizamos a criatividade para continuar as atividades educacionais por meio desta a\u00e7\u00e3o. Continuamos valorizando e estimulando a forma\u00e7\u00e3o do alunado\u201d, disse.<\/p>\n\n\n\n<p>Para isso, foram elaboradas as rotinas de estudo semanal atrav\u00e9s da coordena\u00e7\u00e3o pedag\u00f3gica do Programa Educar pra Valer junto com todos os Supervisores Educacionais e encaminhadas para os professores e alunos atrav\u00e9s do grupo de whatsapp. Os profissionais da educa\u00e7\u00e3o est\u00e3o interagindo com os pais e respons\u00e1veis e at\u00e9 mesmo com os alunos para estimular e orient\u00e1-los na realiza\u00e7\u00e3o das atividades di\u00e1rias de estudo.<\/p>\n\n\n\n<p>\u201cAs fam\u00edlias est\u00e3o interagindo com os professores e est\u00e3o correspondendo ao chamado de cada um para o acompanhamento da vida escolar de seus filhos e tamb\u00e9m na realiza\u00e7\u00e3o dessas atividades em casa\u201d, complementou a secret\u00e1ria da pasta.<\/p>\n\n\n\n<p>Elania dos Santos, residente na comunidade do Garapa, m\u00e3e do aluno Jos\u00e9 Ezekiel Alves, acredita que a a\u00e7\u00e3o deve incentivar outros professores a fazer o mesmo e acrescenta: &#8220;Gostei bastante dessa iniciativa dos professores de enviarem as tarefinhas para meu filho. Neste per\u00edodo \u00e9 importante que ele continue estudando pra n\u00e3o perder o ritmo. Os estudos servem pra que ele aprenda e tamb\u00e9m se distraia j\u00e1 que n\u00e3o podemos usar desse tempo de quarentena para sair de casa. Devemos nos conscientizar que nossos filhos n\u00e3o est\u00e3o em casa de f\u00e9rias, mais sim por preven\u00e7\u00e3o, ent\u00e3o n\u00e3o devemos parar. Vamos nos unir, pais e professores, e vamos dar continuidade em casa com tarefas e leituras e juntos iremos vencer essa batalha\u201d.<\/p>\n\n\n\n<p>J\u00e1 Ezekiel, que estuda na Escola Manoel Maciel naquela mesma comunidade, disse que est\u00e1 gostando de fazer as atividades em casa. &#8220;Gosto de estudar e n\u00e3o quero deixar de aprender por conta dessa doen\u00e7a que n\u00e3o deixa a gente ir pra a escola&#8221;.<\/p>\n\n\n\n<p>A secret\u00e1ria ainda afirma que o tempo pedag\u00f3gico para todos os alunos \u00e9 muito precioso. \u201cPrecisamos garantir o direito de todos aprenderem. As metas de leitura, escrita e de matem\u00e1tica, por exemplo, estabelecidas do plano de a\u00e7\u00e3o de nossa rede precisam ser alcan\u00e7adas, por isso, n\u00e3o podemos perder tempo, apoiar os alunos nas atividades pedag\u00f3gicas utilizando as tecnologias foi a solu\u00e7\u00e3o que encontramos para estimular o rotina de estudo di\u00e1rio de todos eles\u201d.<\/p>\n\n\n\n<p>Do(a)&nbsp;Secom &#8211; PMM<\/p>\n","protected":false},"excerpt":{"rendered":"<p>Em meio \u00e0s medidas preventivas contra o Coronav\u00edrus (Covid-19), a Prefeitura de Monteiro, por meio da Secretaria de Educa\u00e7\u00e3o, vem realizando atividades alternativas para o&hellip; <\/p>\n","protected":false},"author":1,"featured_media":160721,"comment_status":"closed","ping_status":"closed","sticky":false,"template":"","format":"standard","meta":{"sfsi_plus_gutenberg_text_before_share":"","sfsi_plus_gutenberg_show_text_before_share":"","sfsi_plus_gutenberg_icon_type":"","sfsi_plus_gutenberg_icon_alignemt":"","sfsi_plus_gutenburg_max_per_row":"","footnotes":""},"categories":[6,50],"tags":[],"class_list":["post-160720","post","type-post","status-publish","format-standard","has-post-thumbnail","hentry","category-cidades","category-destaque"],"_links":{"self":[{"href":"https:\/\/www.caririemacao.com\/1\/wp-json\/wp\/v2\/posts\/160720","targetHints":{"allow":["GET"]}}],"collection":[{"href":"https:\/\/www.caririemacao.com\/1\/wp-json\/wp\/v2\/posts"}],"about":[{"href":"https:\/\/www.caririemacao.com\/1\/wp-json\/wp\/v2\/types\/post"}],"author":[{"embeddable":true,"href":"https:\/\/www.caririemacao.com\/1\/wp-json\/wp\/v2\/users\/1"}],"replies":[{"embeddable":true,"href":"https:\/\/www.caririemacao.com\/1\/wp-json\/wp\/v2\/comments?post=160720"}],"version-history":[{"count":2,"href":"https:\/\/www.caririemacao.com\/1\/wp-json\/wp\/v2\/posts\/160720\/revisions"}],"predecessor-version":[{"id":160761,"href":"https:\/\/www.caririemacao.com\/1\/wp-json\/wp\/v2\/posts\/160720\/revisions\/160761"}],"wp:featuredmedia":[{"embeddable":true,"href":"https:\/\/www.caririemacao.com\/1\/wp-json\/wp\/v2\/media\/160721"}],"wp:attachment":[{"href":"https:\/\/www.caririemacao.com\/1\/wp-json\/wp\/v2\/media?parent=160720"}],"wp:term":[{"taxonomy":"category","embeddable":true,"href":"https:\/\/www.caririemacao.com\/1\/wp-json\/wp\/v2\/categories?post=160720"},{"taxonomy":"post_tag","embeddable":true,"href":"https:\/\/www.caririemacao.com\/1\/wp-json\/wp\/v2\/tags?post=160720"}],"curies":[{"name":"wp","href":"https:\/\/api.w.org\/{rel}","templated":true}]}}