{"id":160723,"date":"2020-03-28T07:54:31","date_gmt":"2020-03-28T10:54:31","guid":{"rendered":"http:\/\/www.caririemacao.com\/1\/?p=160723"},"modified":"2020-03-28T07:54:33","modified_gmt":"2020-03-28T10:54:33","slug":"desafios-brasil-tem-313-milhoes-sem-agua-encanada-e-116-milhoes-em-casas-superlotadas","status":"publish","type":"post","link":"https:\/\/www.caririemacao.com\/1\/2020\/03\/28\/desafios-brasil-tem-313-milhoes-sem-agua-encanada-e-116-milhoes-em-casas-superlotadas\/","title":{"rendered":"Desafios: Brasil tem 31,3 milh\u00f5es sem \u00e1gua encanada e 11,6 milh\u00f5es em casas &#8216;superlotadas&#8217;"},"content":{"rendered":"\n<p>Evitar aglomera\u00e7\u00f5es\u00a0e\u00a0lavar bem as m\u00e3os com \u00e1gua e sab\u00e3o\u00a0s\u00e3o as melhores\u00a0formas de prevenir a Covid-19, doen\u00e7a causada pelo\u00a0novo\u00a0coronav\u00edrus (Sars-CoV-2). E a recomenda\u00e7\u00e3o do Minist\u00e9rio da Sa\u00fade para quem est\u00e1 com suspeita de infec\u00e7\u00e3o \u00e9: isolar-se em casa, num c\u00f4modo separado de outras pessoas.<\/p>\n\n\n\n<blockquote class=\"wp-block-quote is-layout-flow wp-block-quote-is-layout-flow\"><p>Mas, no Brasil, a<strong>&nbsp;pobreza extrema<\/strong>, a&nbsp;<strong>falta de saneamento b\u00e1sico<\/strong>&nbsp;e a&nbsp;<strong>precariedade das moradias<\/strong>&nbsp;s\u00e3o desafios para conter a expans\u00e3o do v\u00edrus.<\/p><\/blockquote>\n\n\n\n<p>H\u00e1&nbsp;<strong>dois pontos fundamentais<\/strong>&nbsp;<strong>que indicam as dificuldades do pa\u00eds<\/strong>&nbsp;no enfrentamento \u00e0<strong>&nbsp;pandemia do coronav\u00edrus<\/strong>:<\/p>\n\n\n\n<ul class=\"wp-block-list\"><li><strong>31,1 milh\u00f5es de brasileiros (16% da popula\u00e7\u00e3o) n\u00e3o t\u00eam acesso a \u00e1gua<\/strong>&nbsp;fornecida por meio da rede geral de abastecimento;&nbsp;<strong>74,2 milh\u00f5es<\/strong>&nbsp;(37% da popula\u00e7\u00e3o) vivem em \u00e1reas&nbsp;<strong>sem coleta de esgoto<\/strong>&nbsp;e outros 5,8 milh\u00f5es n\u00e3o t\u00eam banheiro em casa.<\/li><li><strong>11,6 milh\u00f5es de brasileiros (5,6% da popula\u00e7\u00e3o)<\/strong>&nbsp;vivem em&nbsp;<strong>im\u00f3veis com mais de 3 moradores por dormit\u00f3rio, o que \u00e9 considerado adensamento excessivo.<\/strong><\/li><\/ul>\n\n\n\n<p>Os n\u00fameros sobre condi\u00e7\u00f5es de habita\u00e7\u00e3o s\u00e3o da Pesquisa Nacional por Amostra de Domic\u00edlios Cont\u00ednua (Pnad) de 2018 do Instituto Brasileiro de Geografia e Estat\u00edstica (IBGE). Outra pesquisa, a S\u00edntese de Indicadores Sociais (SIS) de 2018, tamb\u00e9m do IBGE, mostra que o pa\u00eds tem&nbsp;<strong>13,5 milh\u00f5es de pessoas na pobreza extrema<\/strong>&nbsp;(vivendo com at\u00e9 R$ 145 por m\u00eas).<\/p>\n\n\n\n<p>J\u00e1 os n\u00fameros sobre o saneamento s\u00e3o de 2018 e foram divulgados no in\u00edcio de mar\u00e7o pelo Instituto Trata Brasil, formado por empresas que atuam no setor de saneamento e prote\u00e7\u00e3o de recursos h\u00eddricos. Segundo o presidente-executivo do \u00f3rg\u00e3o, \u00c9dison Carlos, \u00e9 poss\u00edvel afirmar que a situa\u00e7\u00e3o continua a mesma da \u00e9poca em que os dados foram coletados.<\/p>\n\n\n\n<p>\u201cTemos tido um avan\u00e7o [no saneamento b\u00e1sico], mas \u00e9 muito pequeno, principalmente em rela\u00e7\u00e3o \u00e0 \u00e1gua tratada, cuja oferta est\u00e1 estagnada h\u00e1 mais ou menos dez anos. O que o pa\u00eds tem investido em \u00e1gua tem coberto apenas o avan\u00e7o demogr\u00e1fico, a expans\u00e3o das cidades \u2013 mas n\u00e3o consegue atacar o d\u00e9ficit&#8221;, afirma ele.<\/p>\n\n\n\n<p>Com G1 PB<\/p>\n","protected":false},"excerpt":{"rendered":"<p>Evitar aglomera\u00e7\u00f5es\u00a0e\u00a0lavar bem as m\u00e3os com \u00e1gua e sab\u00e3o\u00a0s\u00e3o as melhores\u00a0formas de prevenir a Covid-19, doen\u00e7a causada pelo\u00a0novo\u00a0coronav\u00edrus (Sars-CoV-2). E a recomenda\u00e7\u00e3o do Minist\u00e9rio da&hellip; <\/p>\n","protected":false},"author":1,"featured_media":160724,"comment_status":"closed","ping_status":"closed","sticky":false,"template":"","format":"standard","meta":{"sfsi_plus_gutenberg_text_before_share":"","sfsi_plus_gutenberg_show_text_before_share":"","sfsi_plus_gutenberg_icon_type":"","sfsi_plus_gutenberg_icon_alignemt":"","sfsi_plus_gutenburg_max_per_row":"","footnotes":""},"categories":[2,16],"tags":[],"class_list":["post-160723","post","type-post","status-publish","format-standard","has-post-thumbnail","hentry","category-geral","category-saude"],"_links":{"self":[{"href":"https:\/\/www.caririemacao.com\/1\/wp-json\/wp\/v2\/posts\/160723","targetHints":{"allow":["GET"]}}],"collection":[{"href":"https:\/\/www.caririemacao.com\/1\/wp-json\/wp\/v2\/posts"}],"about":[{"href":"https:\/\/www.caririemacao.com\/1\/wp-json\/wp\/v2\/types\/post"}],"author":[{"embeddable":true,"href":"https:\/\/www.caririemacao.com\/1\/wp-json\/wp\/v2\/users\/1"}],"replies":[{"embeddable":true,"href":"https:\/\/www.caririemacao.com\/1\/wp-json\/wp\/v2\/comments?post=160723"}],"version-history":[{"count":1,"href":"https:\/\/www.caririemacao.com\/1\/wp-json\/wp\/v2\/posts\/160723\/revisions"}],"predecessor-version":[{"id":160725,"href":"https:\/\/www.caririemacao.com\/1\/wp-json\/wp\/v2\/posts\/160723\/revisions\/160725"}],"wp:featuredmedia":[{"embeddable":true,"href":"https:\/\/www.caririemacao.com\/1\/wp-json\/wp\/v2\/media\/160724"}],"wp:attachment":[{"href":"https:\/\/www.caririemacao.com\/1\/wp-json\/wp\/v2\/media?parent=160723"}],"wp:term":[{"taxonomy":"category","embeddable":true,"href":"https:\/\/www.caririemacao.com\/1\/wp-json\/wp\/v2\/categories?post=160723"},{"taxonomy":"post_tag","embeddable":true,"href":"https:\/\/www.caririemacao.com\/1\/wp-json\/wp\/v2\/tags?post=160723"}],"curies":[{"name":"wp","href":"https:\/\/api.w.org\/{rel}","templated":true}]}}