{"id":160726,"date":"2020-03-28T08:00:43","date_gmt":"2020-03-28T11:00:43","guid":{"rendered":"http:\/\/www.caririemacao.com\/1\/?p=160726"},"modified":"2020-03-28T08:00:45","modified_gmt":"2020-03-28T11:00:45","slug":"coronavirus-um-terco-da-populacao-mundial-esta-em-isolamento","status":"publish","type":"post","link":"https:\/\/www.caririemacao.com\/1\/2020\/03\/28\/coronavirus-um-terco-da-populacao-mundial-esta-em-isolamento\/","title":{"rendered":"Coronav\u00edrus: um ter\u00e7o da popula\u00e7\u00e3o mundial est\u00e1 em isolamento"},"content":{"rendered":"\n<p>Pelo menos 2,8 bilh\u00f5es de pessoas &#8212; o que representa mais de um ter\u00e7o da popula\u00e7\u00e3o mundial &#8212; vivem atualmente sob algum tipo de restri\u00e7\u00e3o de circula\u00e7\u00e3o para conter o r\u00e1pido avan\u00e7o da Covid-19, doen\u00e7a provocada pelo novo coronav\u00edrus (Sars-Cov-2), aponta um balan\u00e7o da ag\u00eancia France Presse (AFP).<\/p>\n\n\n\n<p>Num momento em que a pandemia se acelera em uma taxa exponencial &#8212; os \u00faltimos 100 mil novos casos no mundo foram registrados em apenas dois dias &#8211;, a\u00a0Organiza\u00e7\u00e3o Mundial da Sa\u00fade (OMS) recomenda que os pa\u00edses tomem medidas duras que favore\u00e7am o isolamento\u00a0f\u00edsico das pessoas, apesar do custo social e econ\u00f4mico significativo. &#8220;Sem a\u00e7\u00e3o agressiva em todos os pa\u00edses, milh\u00f5es poder\u00e3o morrer\u201d, declarou o diretor-geral da organiza\u00e7\u00e3o, Tedros Ghebreyesus, em 25 de mar\u00e7o.<\/p>\n\n\n\n<p>As regras de isolamento social, que variam de pa\u00eds para pa\u00eds, t\u00eam por objetivo diminuir o tempo de transmiss\u00e3o do v\u00edrus de pessoa a pessoa, dando aos governos tempo para equipar e fortalecer seus sistemas de sa\u00fade com equipamentos, expans\u00e3o de leitos, constru\u00e7\u00e3o de hospitais e contrata\u00e7\u00e3o de profissionais de sa\u00fade.<\/p>\n\n\n\n<p>Em geral, o modelo de restri\u00e7\u00e3o depende do grau de dissemina\u00e7\u00e3o da doen\u00e7a, do contexto pol\u00edtico e do alinhamento com as recomenda\u00e7\u00f5es da OMS. Costuma come\u00e7ar com limita\u00e7\u00f5es de aglomera\u00e7\u00f5es, suspens\u00e3o de aulas, avan\u00e7a com restri\u00e7\u00f5es na circula\u00e7\u00e3o e, nos casos mais extremos, prev\u00ea at\u00e9 toque de recolher e multa a quem sair de casa.<\/p>\n\n\n\n<p>Com G1 PB<\/p>\n","protected":false},"excerpt":{"rendered":"<p>Pelo menos 2,8 bilh\u00f5es de pessoas &#8212; o que representa mais de um ter\u00e7o da popula\u00e7\u00e3o mundial &#8212; vivem atualmente sob algum tipo de restri\u00e7\u00e3o&hellip; <\/p>\n","protected":false},"author":1,"featured_media":158759,"comment_status":"closed","ping_status":"closed","sticky":false,"template":"","format":"standard","meta":{"sfsi_plus_gutenberg_text_before_share":"","sfsi_plus_gutenberg_show_text_before_share":"","sfsi_plus_gutenberg_icon_type":"","sfsi_plus_gutenberg_icon_alignemt":"","sfsi_plus_gutenburg_max_per_row":"","footnotes":""},"categories":[16],"tags":[],"class_list":["post-160726","post","type-post","status-publish","format-standard","has-post-thumbnail","hentry","category-saude"],"_links":{"self":[{"href":"https:\/\/www.caririemacao.com\/1\/wp-json\/wp\/v2\/posts\/160726","targetHints":{"allow":["GET"]}}],"collection":[{"href":"https:\/\/www.caririemacao.com\/1\/wp-json\/wp\/v2\/posts"}],"about":[{"href":"https:\/\/www.caririemacao.com\/1\/wp-json\/wp\/v2\/types\/post"}],"author":[{"embeddable":true,"href":"https:\/\/www.caririemacao.com\/1\/wp-json\/wp\/v2\/users\/1"}],"replies":[{"embeddable":true,"href":"https:\/\/www.caririemacao.com\/1\/wp-json\/wp\/v2\/comments?post=160726"}],"version-history":[{"count":1,"href":"https:\/\/www.caririemacao.com\/1\/wp-json\/wp\/v2\/posts\/160726\/revisions"}],"predecessor-version":[{"id":160727,"href":"https:\/\/www.caririemacao.com\/1\/wp-json\/wp\/v2\/posts\/160726\/revisions\/160727"}],"wp:featuredmedia":[{"embeddable":true,"href":"https:\/\/www.caririemacao.com\/1\/wp-json\/wp\/v2\/media\/158759"}],"wp:attachment":[{"href":"https:\/\/www.caririemacao.com\/1\/wp-json\/wp\/v2\/media?parent=160726"}],"wp:term":[{"taxonomy":"category","embeddable":true,"href":"https:\/\/www.caririemacao.com\/1\/wp-json\/wp\/v2\/categories?post=160726"},{"taxonomy":"post_tag","embeddable":true,"href":"https:\/\/www.caririemacao.com\/1\/wp-json\/wp\/v2\/tags?post=160726"}],"curies":[{"name":"wp","href":"https:\/\/api.w.org\/{rel}","templated":true}]}}