{"id":160736,"date":"2020-03-28T09:34:32","date_gmt":"2020-03-28T12:34:32","guid":{"rendered":"http:\/\/www.caririemacao.com\/1\/?p=160736"},"modified":"2020-03-28T09:34:34","modified_gmt":"2020-03-28T12:34:34","slug":"justica-destina-r-399-mil-da-operacao-calvario-para-compra-de-2-660-testes-de-covid-19","status":"publish","type":"post","link":"https:\/\/www.caririemacao.com\/1\/2020\/03\/28\/justica-destina-r-399-mil-da-operacao-calvario-para-compra-de-2-660-testes-de-covid-19\/","title":{"rendered":"Justi\u00e7a destina R$ 399 mil da Opera\u00e7\u00e3o Calv\u00e1rio para compra de 2.660 testes de covid-19"},"content":{"rendered":"\n<p>O desembargador Ricardo Vital de Almeida, relator do processo da Opera\u00e7\u00e3o Calv\u00e1rio, deferiu nesta sexta-feira (27) pedido formulado pelo Minist\u00e9rio P\u00fablico da Para\u00edba (Gaeco) no sentido de destinar o montante de R$ 399.000,00 ao enfrentamento do novo coronav\u00edrus.<\/p>\n\n\n\n<p>A quantia ser\u00e1 depositada judicialmente pela colaboradora Liv\u00e2nia Maria da Silva Faria (nos autos 0000543-48.2019.815.0000), ao Hospital Universit\u00e1rio Lauro Wanderley (HULW-UFPB), para a aquisi\u00e7\u00e3o de 2.660 testes de ant\u00edgeno por imunofluoresc\u00eancia ECO-F para Covid-19, em 133 kits.&nbsp;<\/p>\n\n\n\n<ul class=\"wp-block-list\"><li><a href=\"https:\/\/www.clickpb.com.br\/media\/filer_public\/ae\/d1\/aed164da-2cdf-4c77-85be-c7473ebc4dbc\/27_03_2020_decisao_-_liberacao_de_dinheiro.pdf\">Confira aqui a decis\u00e3o.<\/a><\/li><\/ul>\n\n\n\n<p>O relator enfatizou que a quantia dever\u00e1 ser utilizada, \u00fanica e exclusivamente, para a aquisi\u00e7\u00e3o dos materiais indicados, sob pena de responsabilidade criminal, administrativa e civil do gestor e gestores. Disse, tamb\u00e9m, que os materiais poder\u00e3o ser doados pelo HULW a qualquer outro hospital p\u00fablico do Estado da Para\u00edba vinculado ao SUS, desde que para o enfrentamento ao Coronav\u00edrus (Covid-19).<\/p>\n\n\n\n<p>Na decis\u00e3o, Ricardo Vital estabeleceu o prazo de 60 dias para que a respons\u00e1vel por gerir o HU, Empresa Brasileira de Servi\u00e7os Hospitalares (EBSERH), comprove nos autos a regularidade do uso do recurso.<\/p>\n\n\n\n<p>O MP alegou, no pedido, que foi contactado por representantes do HU, os quais apontaram a premente necessidade de aquisi\u00e7\u00e3o de materiais, equipamentos e medicamentos necess\u00e1rios ao combate da doen\u00e7a. Mencionou a homologa\u00e7\u00e3o, aos 16\/08\/2019, do acordo de colabora\u00e7\u00e3o premiada firmado entre o MP e a ent\u00e3o investigada na Opera\u00e7\u00e3o Calv\u00e1rio, Liv\u00e2nia Maria da Silva Faria, no qual esta se obrigou a entregar, como forma de ressarcimento ao er\u00e1rio, um im\u00f3vel cujo perdimento seria feito atrav\u00e9s de aliena\u00e7\u00e3o por conta e risco da colaboradora, a qual teria um ano para realizar a transa\u00e7\u00e3o e proceder ao dep\u00f3sito judicial no valor de R$ 400 mil, corrigido pelo INPC. Esta obriga\u00e7\u00e3o, segundo informou o \u00d3rg\u00e3o Ministerial, foi cumprida aos 12\/03\/2020.<\/p>\n\n\n\n<p>No pedido, o MP afirma que os recursos oriundos de acordos de colabora\u00e7\u00e3o premiada possuem natureza an\u00e1loga aos provenientes de transa\u00e7\u00e3o penal e diz ser poss\u00edvel a destina\u00e7\u00e3o de valores advindos de acordos criminais para o enfrentamento do Coronav\u00edrus. Citou decis\u00e3o do ministro Alexandre de Morais do STF (ADPF n\u00b0 568\/PR).<\/p>\n\n\n\n<p>Ao analisar o pleito, o desembargador-relator lembrou que o mundo, n\u00e3o s\u00f3 o Brasil, vivencia situa\u00e7\u00e3o alarmante, at\u00edpica, literalmente caracterizada como \u201cCalamidade P\u00fablica\u201d, em raz\u00e3o da emerg\u00eancia de sa\u00fade p\u00fablica de abrang\u00eancia internacional. Fez refer\u00eancia ao cen\u00e1rio mundial, com a declara\u00e7\u00e3o da Organiza\u00e7\u00e3o Mundial da Sa\u00fade (OMS), que declarou pandemia pelo novo Coronav\u00edrus; a declara\u00e7\u00e3o no \u00e2mbito nacional, pelo Minist\u00e9rio da Sa\u00fade, que declarou Emerg\u00eancia em Sa\u00fade P\u00fablica de Import\u00e2ncia Nacional; e na esfera local, a declara\u00e7\u00e3o do estado de calamidade p\u00fablica e o decreto de Situa\u00e7\u00e3o de Emerg\u00eancia no Estado da Para\u00edba.<\/p>\n\n\n\n<p>\u201cDiante do contexto da pandemia causada pelo Coronav\u00edrus (Covid-19), que ensejou na declara\u00e7\u00e3o de Calamidade P\u00fablica em n\u00edveis nacional e estadual, entendo haver suficiente respaldo para o atendimento da solicita\u00e7\u00e3o deduzida pela Empresa Brasileira de Servi\u00e7os Hospitalares &#8211; EBSERH, no sentido de obter recursos para a aquisi\u00e7\u00e3o, no \u00e2mbito do Hospital Universit\u00e1rio Lauro Wanderley, do qual \u00e9 gestora, de insumos m\u00e9dico-hospitalares-laboratoriais, envolvidos nas a\u00e7\u00f5es de diagn\u00f3stico, cura e combate ao Covid-19, especialmente no tratamento de crian\u00e7as e adolescentes\u201d, ressaltou Ricardo Vital.<\/p>\n\n\n\n<p>Ao decidir, o relator observou a Resolu\u00e7\u00e3o n.\u00b0 154, de 13 de julho de 2012, do Conselho Nacional de Justi\u00e7a, que define a pol\u00edtica institucional do Poder Judici\u00e1rio na utiliza\u00e7\u00e3o dos recursos oriundos da aplica\u00e7\u00e3o da pena de presta\u00e7\u00e3o pecuni\u00e1ria; a Recomenda\u00e7\u00e3o n.\u00b0 62, de 17 de mar\u00e7o de 2020, tamb\u00e9m do CNJ, que recomenda aos tribunais e magistrados adotarem medidas preventivas \u00e0 propaga\u00e7\u00e3o da infec\u00e7\u00e3o pelo novo coronav\u00edrus; e a Resolu\u00e7\u00e3o 313 tamb\u00e9m do Conselho, que disp\u00f5e que \u201cos tribunais dever\u00e3o disciplinar sobre a destina\u00e7\u00e3o dos recursos provenientes do cumprimento de pena de presta\u00e7\u00e3o pecuni\u00e1ria, transa\u00e7\u00e3o penal e suspens\u00e3o condicional do processo nas a\u00e7\u00f5es criminais, priorizando a aquisi\u00e7\u00e3o de materiais e equipamentos m\u00e9dicos necess\u00e1rios ao combate da pandemia Covid-19, a serem utilizados pelos profissionais de sa\u00fade.\u201d.<\/p>\n\n\n\n<p>Confira aqui a decis\u00e3o nos autos da Cautelar Inominada Criminal n.\u00b0 0802679-48.2020.8.15.0000 (distribu\u00eddo por preven\u00e7\u00e3o aos autos n.\u00b0 0000543-48.2019.815.0000).<\/p>\n","protected":false},"excerpt":{"rendered":"<p>O desembargador Ricardo Vital de Almeida, relator do processo da Opera\u00e7\u00e3o Calv\u00e1rio, deferiu nesta sexta-feira (27) pedido formulado pelo Minist\u00e9rio P\u00fablico da Para\u00edba (Gaeco) no&hellip; <\/p>\n","protected":false},"author":2,"featured_media":160688,"comment_status":"closed","ping_status":"closed","sticky":false,"template":"","format":"standard","meta":{"sfsi_plus_gutenberg_text_before_share":"","sfsi_plus_gutenberg_show_text_before_share":"","sfsi_plus_gutenberg_icon_type":"","sfsi_plus_gutenberg_icon_alignemt":"","sfsi_plus_gutenburg_max_per_row":"","footnotes":""},"categories":[2],"tags":[],"class_list":["post-160736","post","type-post","status-publish","format-standard","has-post-thumbnail","hentry","category-geral"],"_links":{"self":[{"href":"https:\/\/www.caririemacao.com\/1\/wp-json\/wp\/v2\/posts\/160736","targetHints":{"allow":["GET"]}}],"collection":[{"href":"https:\/\/www.caririemacao.com\/1\/wp-json\/wp\/v2\/posts"}],"about":[{"href":"https:\/\/www.caririemacao.com\/1\/wp-json\/wp\/v2\/types\/post"}],"author":[{"embeddable":true,"href":"https:\/\/www.caririemacao.com\/1\/wp-json\/wp\/v2\/users\/2"}],"replies":[{"embeddable":true,"href":"https:\/\/www.caririemacao.com\/1\/wp-json\/wp\/v2\/comments?post=160736"}],"version-history":[{"count":1,"href":"https:\/\/www.caririemacao.com\/1\/wp-json\/wp\/v2\/posts\/160736\/revisions"}],"predecessor-version":[{"id":160737,"href":"https:\/\/www.caririemacao.com\/1\/wp-json\/wp\/v2\/posts\/160736\/revisions\/160737"}],"wp:featuredmedia":[{"embeddable":true,"href":"https:\/\/www.caririemacao.com\/1\/wp-json\/wp\/v2\/media\/160688"}],"wp:attachment":[{"href":"https:\/\/www.caririemacao.com\/1\/wp-json\/wp\/v2\/media?parent=160736"}],"wp:term":[{"taxonomy":"category","embeddable":true,"href":"https:\/\/www.caririemacao.com\/1\/wp-json\/wp\/v2\/categories?post=160736"},{"taxonomy":"post_tag","embeddable":true,"href":"https:\/\/www.caririemacao.com\/1\/wp-json\/wp\/v2\/tags?post=160736"}],"curies":[{"name":"wp","href":"https:\/\/api.w.org\/{rel}","templated":true}]}}