{"id":160744,"date":"2020-03-28T09:37:45","date_gmt":"2020-03-28T12:37:45","guid":{"rendered":"http:\/\/www.caririemacao.com\/1\/?p=160744"},"modified":"2020-03-28T09:37:47","modified_gmt":"2020-03-28T12:37:47","slug":"nao-vai-faltar-comida-diz-ministra-da-agricultura","status":"publish","type":"post","link":"https:\/\/www.caririemacao.com\/1\/2020\/03\/28\/nao-vai-faltar-comida-diz-ministra-da-agricultura\/","title":{"rendered":"\u201cN\u00e3o vai faltar comida\u201d, diz ministra da Agricultura"},"content":{"rendered":"\n<p>Durante a pandemia do coronav\u00edrus (Covid-19), o dia a dia da ministra da Agricultura, Tereza Cristina, tem sido mais do que desafiador. Coube a ela mediar a reuni\u00e3o entre o presidente Jair Bolsonaro e o mandat\u00e1rio chin\u00eas, Xi Jinping, na \u00faltima segunda-feira (23), depois de o filho deputado do presidente, Eduardo Bolsonaro, inflamar as rela\u00e7\u00f5es entre os dois pa\u00edses.&nbsp;<\/p>\n\n\n\n<p>Ela tamb\u00e9m convocou uma reuni\u00e3o entre os chefes da Agricultura de pa\u00edses do Mercosul no in\u00edcio da semana. A atua\u00e7\u00e3o sobrep\u00f5e-se \u00e0 pr\u00f3pria \u00e1rea da ministra. Tereza Cristina colocou \u00e0 disposi\u00e7\u00e3o do ministro da Sa\u00fade, Luiz Henrique Mandetta, os laborat\u00f3rios de testes da qualidade dos produtos importados e exportados pelo Brasil para a leitura dos exames que atestam a doen\u00e7a.&nbsp;<\/p>\n\n\n\n<p>Entre reuni\u00f5es com o presidente Bolsonaro e representantes do agroneg\u00f3cio, a ministra atendeu VEJA para uma entrevista por telefone.&nbsp;<\/p>\n\n\n\n<p>Ela garante o abastecimento do pa\u00eds durante os dias de crise, explica as medidas de prote\u00e7\u00e3o dos funcion\u00e1rios do campo e cr\u00edtica governadores por medidas restritivas.<\/p>\n\n\n\n<p><strong>Como o minist\u00e9rio vem atuando para mitigar os efeitos dessa crise?&nbsp;<\/strong><\/p>\n\n\n\n<p>Desde o momento em que tomamos conhecimento do que estava acontecendo na China, montamos um grupo de acompanhamento com os secret\u00e1rios de abastecimento, porque prev\u00edamos algum tipo de impacto para o setor. Fomos um dos primeiros minist\u00e9rios a pedir reconhecimento pela Casa Civil como um servi\u00e7o essencial, que n\u00e3o pode parar. T\u00ednhamos uma preocupa\u00e7\u00e3o grande com os insumos vindos da China, como os defensivos agr\u00edcolas e fertilizantes, que s\u00e3o essenciais para a nossa produ\u00e7\u00e3o.<\/p>\n\n\n\n<p><strong>Devemos estar preparados para o desabastecimento de supermercados?&nbsp;<\/strong><\/p>\n\n\n\n<p>N\u00e3o vai faltar comida. Estamos trabalhando para que os produtos possam sair dos armaz\u00e9ns e cheguem \u00e0s prateleiras, mas esse n\u00e3o \u00e9 o \u00fanico problema. Os alimentos dos animais, por exemplo, precisam chegar \u00e0s fazendas, para a produ\u00e7\u00e3o de carne, porcos, frango.<\/p>\n\n\n\n<p><strong>E quais t\u00eam sido os principais desafios?&nbsp;<\/strong><\/p>\n\n\n\n<p>Uma das nossas grandes dificuldades tem sido decretos muito duros de prefeitos e governadores rebeldes. Entendemos as posi\u00e7\u00f5es deles, mas h\u00e1, por exemplo, alguns munic\u00edpios que fecharam suas entradas e os trabalhadores n\u00e3o conseguem chegar \u00e0s ind\u00fastrias. Al\u00e9m disso, as f\u00e1bricas n\u00e3o recebem a soja e n\u00e3o conseguem produzir ra\u00e7\u00e3o. A agricultura \u00e9 feita de cadeias e os impactos s\u00e3o muito r\u00e1pidos.<\/p>\n\n\n\n<p>A senhora convocou uma reuni\u00e3o entre representantes da agricultura na Am\u00e9rica do Sul. O que foi tratado? A reuni\u00e3o com os ministros da Agricultura do Mercosul foi excelente. Convoquei a conversa na quinta e realizamos j\u00e1 na segunda-feira. Decidimos harmonizar nossas pol\u00edticas quanto aos corredores vi\u00e1rios, porque os produtos precisam circular pelo continente. Elaboramos, junto ao Minist\u00e9rio da Infraestrutura, um documento de colabora\u00e7\u00e3o que ser\u00e1 assinado em conjunto com os outros pa\u00edses, que prev\u00ea essas medidas, al\u00e9m de alinhar as pol\u00edticas de seguran\u00e7a para os caminhoneiros.<\/p>\n\n\n\n<p><strong>A senhora j\u00e1 projeta cen\u00e1rios para depois deste momento duro?&nbsp;<\/strong><\/p>\n\n\n\n<p>Desde o in\u00edcio dessa crise, estamos muito preocupados com o avan\u00e7o do acordo comercial entre a China e os Estados Unidos. As vendas v\u00e3o continuar e o d\u00f3lar alto \u00e9 positivo para as exporta\u00e7\u00f5es \u2014 bom para as exporta\u00e7\u00f5es [risos]. Temos nossa cadeia de prote\u00edna animal se expandindo e volume dentro do pa\u00eds. Imagino que, quando a China voltar \u00e0 normalidade, vamos voltar a exportar muita carne.<\/p>\n\n\n\n<p><strong>Na agricultura, quais v\u00e3o ser os principais afetados?<\/strong><\/p>\n\n\n\n<p>&nbsp;Minha grande preocupa\u00e7\u00e3o \u00e9 com os pequenos produtores, cujos produtos t\u00eam valor agregado alto, por\u00e9m. Pense no produtor de flores. Quem vai comprar flores agora? Mas tenho falado muito com o Minist\u00e9rio da Economia e o Banco Central vem adotando medidas para amenizar esses impactos, mas, obviamente, h\u00e1 setores que v\u00e3o sofrer mais que outros.<\/p>\n\n\n\n<p><strong>Como manter as produ\u00e7\u00f5es?&nbsp;<\/strong><\/p>\n\n\n\n<p>H\u00e1 medidas protetivas para os empregados? As condi\u00e7\u00f5es de trabalho no campo s\u00e3o diferentes das grandes cidades. Al\u00e9m de os frigor\u00edficos estarem adotando uma s\u00e9rie de precau\u00e7\u00f5es com seus funcion\u00e1rios, com a ado\u00e7\u00e3o de medidas sanit\u00e1rias, l\u00e1 n\u00e3o tem aglomera\u00e7\u00e3o, as pessoas trabalham em espa\u00e7os abertos. O ministro da Economia sabe que, quando a situa\u00e7\u00e3o se normalizar, a agricultura vai ser o primeiro setor a voltar \u00e0 carga.<\/p>\n\n\n\n<p><strong>Qual foi o papel da senhora na conversa entre os presidentes Jair Bolsonaro e Xi Jinping, da China, depois de Eduardo Bolsonaro inflamar a rela\u00e7\u00e3o entre os dois pa\u00edses?&nbsp;<\/strong><\/p>\n\n\n\n<p>Eu apenas acompanhei. A reuni\u00e3o entre o presidente Bolsonaro e o presidente chin\u00eas foi muito produtiva. Ele se solidarizou com o povo brasileiro, disse que quer colaborar na \u00e1rea cient\u00edfica para combater o coronav\u00edrus.<\/p>\n","protected":false},"excerpt":{"rendered":"<p>Durante a pandemia do coronav\u00edrus (Covid-19), o dia a dia da ministra da Agricultura, Tereza Cristina, tem sido mais do que desafiador. Coube a ela&hellip; <\/p>\n","protected":false},"author":2,"featured_media":160746,"comment_status":"closed","ping_status":"closed","sticky":false,"template":"","format":"standard","meta":{"sfsi_plus_gutenberg_text_before_share":"","sfsi_plus_gutenberg_show_text_before_share":"","sfsi_plus_gutenberg_icon_type":"","sfsi_plus_gutenberg_icon_alignemt":"","sfsi_plus_gutenburg_max_per_row":"","footnotes":""},"categories":[11],"tags":[],"class_list":["post-160744","post","type-post","status-publish","format-standard","has-post-thumbnail","hentry","category-politica"],"_links":{"self":[{"href":"https:\/\/www.caririemacao.com\/1\/wp-json\/wp\/v2\/posts\/160744","targetHints":{"allow":["GET"]}}],"collection":[{"href":"https:\/\/www.caririemacao.com\/1\/wp-json\/wp\/v2\/posts"}],"about":[{"href":"https:\/\/www.caririemacao.com\/1\/wp-json\/wp\/v2\/types\/post"}],"author":[{"embeddable":true,"href":"https:\/\/www.caririemacao.com\/1\/wp-json\/wp\/v2\/users\/2"}],"replies":[{"embeddable":true,"href":"https:\/\/www.caririemacao.com\/1\/wp-json\/wp\/v2\/comments?post=160744"}],"version-history":[{"count":1,"href":"https:\/\/www.caririemacao.com\/1\/wp-json\/wp\/v2\/posts\/160744\/revisions"}],"predecessor-version":[{"id":160747,"href":"https:\/\/www.caririemacao.com\/1\/wp-json\/wp\/v2\/posts\/160744\/revisions\/160747"}],"wp:featuredmedia":[{"embeddable":true,"href":"https:\/\/www.caririemacao.com\/1\/wp-json\/wp\/v2\/media\/160746"}],"wp:attachment":[{"href":"https:\/\/www.caririemacao.com\/1\/wp-json\/wp\/v2\/media?parent=160744"}],"wp:term":[{"taxonomy":"category","embeddable":true,"href":"https:\/\/www.caririemacao.com\/1\/wp-json\/wp\/v2\/categories?post=160744"},{"taxonomy":"post_tag","embeddable":true,"href":"https:\/\/www.caririemacao.com\/1\/wp-json\/wp\/v2\/tags?post=160744"}],"curies":[{"name":"wp","href":"https:\/\/api.w.org\/{rel}","templated":true}]}}