{"id":160751,"date":"2020-03-28T09:39:06","date_gmt":"2020-03-28T12:39:06","guid":{"rendered":"http:\/\/www.caririemacao.com\/1\/?p=160751"},"modified":"2020-03-28T09:39:09","modified_gmt":"2020-03-28T12:39:09","slug":"governadores-criticam-omissao-de-bolsonaro-no-combate-ao-coronavirus","status":"publish","type":"post","link":"https:\/\/www.caririemacao.com\/1\/2020\/03\/28\/governadores-criticam-omissao-de-bolsonaro-no-combate-ao-coronavirus\/","title":{"rendered":"Governadores criticam \u2018omiss\u00e3o\u2019 de Bolsonaro no combate ao coronav\u00edrus"},"content":{"rendered":"\n<p>Os governadores do Nordeste decidiram isolar o presidente da Rep\u00fablica, Jair Bolsonaro (sem partido), do plano contra a crise provocada pela pandemia do novo coronav\u00edrus.<\/p>\n\n\n\n<p>Em carta intitulada de \u201cA favor da vida\u201d (<strong>leia<\/strong>&nbsp;<em><strong><a href=\"https:\/\/www.maispb.com.br\/wp-content\/uploads\/2020\/03\/27-03-CARTA-DOS-GOVERNADORES-DO-NORDESTE.pdf\">aqui<\/a><\/strong><\/em>), divulgada nesta sexta-feira (27), ap\u00f3s videoconfer\u00eancia, os gestores argumentaram que \u201cna aus\u00eancia de efetiva coordena\u00e7\u00e3o nacional, que deveria ser assumida pelo Governo Federal\u201d, os Estados ir\u00e3o avan\u00e7ar na integra\u00e7\u00e3o regional e com as demais regi\u00f5es, \u201cmobilizados pelo objetivo de salvar vidas e amenizar os impactos negativos sobre a economia dos estados\u201d.<\/p>\n\n\n\n<p>\u201cAcreditamos tamb\u00e9m que o Congresso Nacional tem papel decisivo no atual momento da vida brasileira\u201d, declaram os governadores.<\/p>\n\n\n\n<p>Os governadores ainda manifestaram rep\u00fadio as \u00faltimas declara\u00e7\u00f5es do presidente Jair Bolsonaro, que estimula, segundo eles, apoiadores a promover carreatas, contrariando as orienta\u00e7\u00f5es das autoridades de Sa\u00fade. Para os chefes dos Executivos locais, Bolsonaro atenta contra \u00e0 vida.<\/p>\n\n\n\n<p>\u201cManifestamos nossa profunda indigna\u00e7\u00e3o com a postura do Governo Federal, que contraria a orienta\u00e7\u00e3o de entidades de reconhecida respeitabilidade, como a OMS \u2013 que indicam o isolamento social como melhor forma de conter o avan\u00e7o do Coronav\u00edrus -, e promove campanha de comunica\u00e7\u00e3o no sentido contr\u00e1rio, estimulando, inclusive, carreatas por todo o pa\u00eds contra a quarentena. Este tipo de iniciativa representa um verdadeiro atentado \u00e0 vida\u201d, afirmaram.<\/p>\n\n\n\n<p><strong>MaisPB<\/strong><\/p>\n","protected":false},"excerpt":{"rendered":"<p>Os governadores do Nordeste decidiram isolar o presidente da Rep\u00fablica, Jair Bolsonaro (sem partido), do plano contra a crise provocada pela pandemia do novo coronav\u00edrus.&hellip; <\/p>\n","protected":false},"author":2,"featured_media":160753,"comment_status":"closed","ping_status":"closed","sticky":false,"template":"","format":"standard","meta":{"sfsi_plus_gutenberg_text_before_share":"","sfsi_plus_gutenberg_show_text_before_share":"","sfsi_plus_gutenberg_icon_type":"","sfsi_plus_gutenberg_icon_alignemt":"","sfsi_plus_gutenburg_max_per_row":"","footnotes":""},"categories":[11],"tags":[],"class_list":["post-160751","post","type-post","status-publish","format-standard","has-post-thumbnail","hentry","category-politica"],"_links":{"self":[{"href":"https:\/\/www.caririemacao.com\/1\/wp-json\/wp\/v2\/posts\/160751","targetHints":{"allow":["GET"]}}],"collection":[{"href":"https:\/\/www.caririemacao.com\/1\/wp-json\/wp\/v2\/posts"}],"about":[{"href":"https:\/\/www.caririemacao.com\/1\/wp-json\/wp\/v2\/types\/post"}],"author":[{"embeddable":true,"href":"https:\/\/www.caririemacao.com\/1\/wp-json\/wp\/v2\/users\/2"}],"replies":[{"embeddable":true,"href":"https:\/\/www.caririemacao.com\/1\/wp-json\/wp\/v2\/comments?post=160751"}],"version-history":[{"count":1,"href":"https:\/\/www.caririemacao.com\/1\/wp-json\/wp\/v2\/posts\/160751\/revisions"}],"predecessor-version":[{"id":160754,"href":"https:\/\/www.caririemacao.com\/1\/wp-json\/wp\/v2\/posts\/160751\/revisions\/160754"}],"wp:featuredmedia":[{"embeddable":true,"href":"https:\/\/www.caririemacao.com\/1\/wp-json\/wp\/v2\/media\/160753"}],"wp:attachment":[{"href":"https:\/\/www.caririemacao.com\/1\/wp-json\/wp\/v2\/media?parent=160751"}],"wp:term":[{"taxonomy":"category","embeddable":true,"href":"https:\/\/www.caririemacao.com\/1\/wp-json\/wp\/v2\/categories?post=160751"},{"taxonomy":"post_tag","embeddable":true,"href":"https:\/\/www.caririemacao.com\/1\/wp-json\/wp\/v2\/tags?post=160751"}],"curies":[{"name":"wp","href":"https:\/\/api.w.org\/{rel}","templated":true}]}}