{"id":160758,"date":"2020-03-28T10:00:15","date_gmt":"2020-03-28T13:00:15","guid":{"rendered":"http:\/\/www.caririemacao.com\/1\/?p=160758"},"modified":"2020-03-28T11:13:44","modified_gmt":"2020-03-28T14:13:44","slug":"pb-registra-10-caso-de-infeccao-por-coronavirus","status":"publish","type":"post","link":"https:\/\/www.caririemacao.com\/1\/2020\/03\/28\/pb-registra-10-caso-de-infeccao-por-coronavirus\/","title":{"rendered":"PB registra 10% de casos de infec\u00e7\u00e3o por coronav\u00edrus"},"content":{"rendered":"\n<p>A Para\u00edba chegou ao d\u00e9cimo caso confirmado de infec\u00e7\u00e3o pelo novo coronav\u00edrus na tarde desta sexta-feira (27).<\/p>\n\n\n\n<p>De acordo com o secret\u00e1rio de Sa\u00fade, Geraldo Medeiros, trata-se de uma mulher que mora em Jo\u00e3o Pessoa e tem 38 anos.<\/p>\n\n\n\n<p>Os outros casos s\u00e3o em Jo\u00e3o Pessoa, Campina Grande, Sousa e Igaracy.<\/p>\n\n\n\n<p><strong>MaisPB<\/strong><\/p>\n","protected":false},"excerpt":{"rendered":"<p>A Para\u00edba chegou ao d\u00e9cimo caso confirmado de infec\u00e7\u00e3o pelo novo coronav\u00edrus na tarde desta sexta-feira (27). De acordo com o secret\u00e1rio de Sa\u00fade, Geraldo&hellip; <\/p>\n","protected":false},"author":2,"featured_media":160428,"comment_status":"closed","ping_status":"closed","sticky":false,"template":"","format":"standard","meta":{"sfsi_plus_gutenberg_text_before_share":"","sfsi_plus_gutenberg_show_text_before_share":"","sfsi_plus_gutenberg_icon_type":"","sfsi_plus_gutenberg_icon_alignemt":"","sfsi_plus_gutenburg_max_per_row":"","footnotes":""},"categories":[2],"tags":[],"class_list":["post-160758","post","type-post","status-publish","format-standard","has-post-thumbnail","hentry","category-geral"],"_links":{"self":[{"href":"https:\/\/www.caririemacao.com\/1\/wp-json\/wp\/v2\/posts\/160758","targetHints":{"allow":["GET"]}}],"collection":[{"href":"https:\/\/www.caririemacao.com\/1\/wp-json\/wp\/v2\/posts"}],"about":[{"href":"https:\/\/www.caririemacao.com\/1\/wp-json\/wp\/v2\/types\/post"}],"author":[{"embeddable":true,"href":"https:\/\/www.caririemacao.com\/1\/wp-json\/wp\/v2\/users\/2"}],"replies":[{"embeddable":true,"href":"https:\/\/www.caririemacao.com\/1\/wp-json\/wp\/v2\/comments?post=160758"}],"version-history":[{"count":2,"href":"https:\/\/www.caririemacao.com\/1\/wp-json\/wp\/v2\/posts\/160758\/revisions"}],"predecessor-version":[{"id":160795,"href":"https:\/\/www.caririemacao.com\/1\/wp-json\/wp\/v2\/posts\/160758\/revisions\/160795"}],"wp:featuredmedia":[{"embeddable":true,"href":"https:\/\/www.caririemacao.com\/1\/wp-json\/wp\/v2\/media\/160428"}],"wp:attachment":[{"href":"https:\/\/www.caririemacao.com\/1\/wp-json\/wp\/v2\/media?parent=160758"}],"wp:term":[{"taxonomy":"category","embeddable":true,"href":"https:\/\/www.caririemacao.com\/1\/wp-json\/wp\/v2\/categories?post=160758"},{"taxonomy":"post_tag","embeddable":true,"href":"https:\/\/www.caririemacao.com\/1\/wp-json\/wp\/v2\/tags?post=160758"}],"curies":[{"name":"wp","href":"https:\/\/api.w.org\/{rel}","templated":true}]}}