{"id":160763,"date":"2020-03-28T10:01:41","date_gmt":"2020-03-28T13:01:41","guid":{"rendered":"http:\/\/www.caririemacao.com\/1\/?p=160763"},"modified":"2020-03-28T10:01:43","modified_gmt":"2020-03-28T13:01:43","slug":"uepb-vai-manter-pagamento-integral-das-bolsas-de-assistencia-estudantil-aos-alunos","status":"publish","type":"post","link":"https:\/\/www.caririemacao.com\/1\/2020\/03\/28\/uepb-vai-manter-pagamento-integral-das-bolsas-de-assistencia-estudantil-aos-alunos\/","title":{"rendered":"UEPB vai manter pagamento integral das bolsas de assist\u00eancia estudantil aos alunos"},"content":{"rendered":"\n<p>Um aux\u00edlio emergencial para os estudantes foi institu\u00eddo pela Universidade Estadual da Para\u00edba (UEPB) nesta quinta-feira (26), exclusivamente para alunos assistidos pelo Restaurante Universit\u00e1rio. Para receber o benef\u00edcio \u00e9 necess\u00e1rio que comprovem a perman\u00eancia na sede da universidade e apresentem dificuldades financeiras para pr\u00f3pria manuten\u00e7\u00e3o durante o per\u00edodo de isolamento social devido \u00e0 Covid-19.<\/p>\n\n\n\n<p>De acordo com a portaria, o aux\u00edlio \u00e9 de R$ 506 e corresponde ao valor de uma Bolsa Manuten\u00e7\u00e3o Total. Ele ser\u00e1 concedido uma \u00fanica vez, a cada estudante assistido pelo Restaurante Universit\u00e1rio.<\/p>\n\n\n\n<p>Podem solicitar o benef\u00edcio os estudantes que, na \u00e9poca de sua inscri\u00e7\u00e3o no programa do Restaurante Universit\u00e1rio ou no \u00faltimo recadastramento realizado pela Pr\u00f3-Reitoria Estudantil (PROEST), tenham apresentado renda per capita de at\u00e9 R$ 300.<\/p>\n\n\n\n<p>O pagamento integral das bolsas de assist\u00eancia estudantil aos alunos dos programas de Bolsa Manuten\u00e7\u00e3o, Bolsa Manuten\u00e7\u00e3o Parcial, Bolsa Alimenta\u00e7\u00e3o e Bolsa Transporte dos oito campi da Institui\u00e7\u00e3o tamb\u00e9m ser\u00e3o mantidas enquanto durar a suspens\u00e3o das atividades.<\/p>\n\n\n\n<p>A Pr\u00f3-Reitoria Estudantil (PROEST) afirma que ir\u00e1 estabelecer os meios e procedimentos necess\u00e1rios para efetiva\u00e7\u00e3o dos termos aprovados na portaria.<\/p>\n","protected":false},"excerpt":{"rendered":"<p>Um aux\u00edlio emergencial para os estudantes foi institu\u00eddo pela Universidade Estadual da Para\u00edba (UEPB) nesta quinta-feira (26), exclusivamente para alunos assistidos pelo Restaurante Universit\u00e1rio. Para&hellip; <\/p>\n","protected":false},"author":2,"featured_media":99725,"comment_status":"closed","ping_status":"closed","sticky":false,"template":"","format":"standard","meta":{"sfsi_plus_gutenberg_text_before_share":"","sfsi_plus_gutenberg_show_text_before_share":"","sfsi_plus_gutenberg_icon_type":"","sfsi_plus_gutenberg_icon_alignemt":"","sfsi_plus_gutenburg_max_per_row":"","footnotes":""},"categories":[14],"tags":[],"class_list":["post-160763","post","type-post","status-publish","format-standard","has-post-thumbnail","hentry","category-educacao"],"_links":{"self":[{"href":"https:\/\/www.caririemacao.com\/1\/wp-json\/wp\/v2\/posts\/160763","targetHints":{"allow":["GET"]}}],"collection":[{"href":"https:\/\/www.caririemacao.com\/1\/wp-json\/wp\/v2\/posts"}],"about":[{"href":"https:\/\/www.caririemacao.com\/1\/wp-json\/wp\/v2\/types\/post"}],"author":[{"embeddable":true,"href":"https:\/\/www.caririemacao.com\/1\/wp-json\/wp\/v2\/users\/2"}],"replies":[{"embeddable":true,"href":"https:\/\/www.caririemacao.com\/1\/wp-json\/wp\/v2\/comments?post=160763"}],"version-history":[{"count":1,"href":"https:\/\/www.caririemacao.com\/1\/wp-json\/wp\/v2\/posts\/160763\/revisions"}],"predecessor-version":[{"id":160764,"href":"https:\/\/www.caririemacao.com\/1\/wp-json\/wp\/v2\/posts\/160763\/revisions\/160764"}],"wp:featuredmedia":[{"embeddable":true,"href":"https:\/\/www.caririemacao.com\/1\/wp-json\/wp\/v2\/media\/99725"}],"wp:attachment":[{"href":"https:\/\/www.caririemacao.com\/1\/wp-json\/wp\/v2\/media?parent=160763"}],"wp:term":[{"taxonomy":"category","embeddable":true,"href":"https:\/\/www.caririemacao.com\/1\/wp-json\/wp\/v2\/categories?post=160763"},{"taxonomy":"post_tag","embeddable":true,"href":"https:\/\/www.caririemacao.com\/1\/wp-json\/wp\/v2\/tags?post=160763"}],"curies":[{"name":"wp","href":"https:\/\/api.w.org\/{rel}","templated":true}]}}