{"id":160767,"date":"2020-03-28T10:04:49","date_gmt":"2020-03-28T13:04:49","guid":{"rendered":"http:\/\/www.caririemacao.com\/1\/?p=160767"},"modified":"2020-03-28T10:04:52","modified_gmt":"2020-03-28T13:04:52","slug":"vigilancia-em-saude-intensifica-acoes-de-combate-ao-coronavirus-no-municipio-de-monteiro","status":"publish","type":"post","link":"https:\/\/www.caririemacao.com\/1\/2020\/03\/28\/vigilancia-em-saude-intensifica-acoes-de-combate-ao-coronavirus-no-municipio-de-monteiro\/","title":{"rendered":"Vigil\u00e2ncia em Sa\u00fade intensifica a\u00e7\u00f5es de combate ao Coronav\u00edrus no munic\u00edpio de Monteiro"},"content":{"rendered":"\n<p>Com a parceria entre a Secretaria Municipal de Sa\u00fade, por meio da Vigil\u00e2ncia em Sa\u00fade, junto a Montran, Pol\u00edcia Militar e Bombeiros Civis, as a\u00e7\u00f5es de combate ao coronav\u00edrus tem sido intensificadas no munic\u00edpio de Monteiro.<\/p>\n\n\n\n<p>Na manh\u00e3 desta quinta-feira, 26, foi iniciada uma a\u00e7\u00e3o de abordagem aos viajantes que chegam ao munic\u00edpio, onde no momento \u00e9 realizada a aferi\u00e7\u00e3o da temperatura, bem como o trabalho de orienta\u00e7\u00e3o. Nos casos onde se constate algum sintoma referente ao coronav\u00edrus, as medidas s\u00e3o determinadas no local enviando a pessoa para o atendimento necess\u00e1rio, seja nas Unidades B\u00e1sicas de Sa\u00fade, UPA ou Hospital Regional.<\/p>\n\n\n\n<div class=\"wp-block-image\"><figure class=\"alignleft\"><img decoding=\"async\" data-src=\"https:\/\/i0.wp.com\/www.vitrinedocariri.com.br\/wp-content\/uploads\/2020\/03\/Vigil%C3%A2ncia-em-Sa%C3%BAde-intensifica-a%C3%A7%C3%B5es-de-combate-ao-Coronav%C3%ADrus-no-munic%C3%ADpio-de-Monteiro-13.jpeg?resize=300%2C199&amp;ssl=1\" alt=\"\" class=\"wp-image-67204 lazyload\" src=\"data:image\/svg+xml;base64,PHN2ZyB3aWR0aD0iMSIgaGVpZ2h0PSIxIiB4bWxucz0iaHR0cDovL3d3dy53My5vcmcvMjAwMC9zdmciPjwvc3ZnPg==\" \/><\/figure><\/div>\n\n\n\n<p>As barreiras est\u00e3o presentes nas principais entradas do munic\u00edpio: Avenida Recife \u2013 sa\u00edda para Sum\u00e9, Antiga Manzu\u00e1 \u2013 sa\u00edda para Sert\u00e2nia-PE, e Rodovia 264 \u2013 sa\u00edda para Zabel\u00ea.\u201cPrecisamos tomar estas medidas para que Monteiro continue sem o registro de casos do Covid-19. Com esta a\u00e7\u00e3o resguardamos a popula\u00e7\u00e3o e tamb\u00e9m quem chega. Este \u00e9 mais um cuidado que a prefeita Anna Lorena vem tendo com o munic\u00edpio\u201d, comentou Silvana Silva, diretora da Vigil\u00e2ncia em Sa\u00fade.<br><\/p>\n","protected":false},"excerpt":{"rendered":"<p>Com a parceria entre a Secretaria Municipal de Sa\u00fade, por meio da Vigil\u00e2ncia em Sa\u00fade, junto a Montran, Pol\u00edcia Militar e Bombeiros Civis, as a\u00e7\u00f5es&hellip; <\/p>\n","protected":false},"author":2,"featured_media":160768,"comment_status":"closed","ping_status":"closed","sticky":false,"template":"","format":"standard","meta":{"sfsi_plus_gutenberg_text_before_share":"","sfsi_plus_gutenberg_show_text_before_share":"","sfsi_plus_gutenberg_icon_type":"","sfsi_plus_gutenberg_icon_alignemt":"","sfsi_plus_gutenburg_max_per_row":"","footnotes":""},"categories":[6],"tags":[],"class_list":["post-160767","post","type-post","status-publish","format-standard","has-post-thumbnail","hentry","category-cidades"],"_links":{"self":[{"href":"https:\/\/www.caririemacao.com\/1\/wp-json\/wp\/v2\/posts\/160767","targetHints":{"allow":["GET"]}}],"collection":[{"href":"https:\/\/www.caririemacao.com\/1\/wp-json\/wp\/v2\/posts"}],"about":[{"href":"https:\/\/www.caririemacao.com\/1\/wp-json\/wp\/v2\/types\/post"}],"author":[{"embeddable":true,"href":"https:\/\/www.caririemacao.com\/1\/wp-json\/wp\/v2\/users\/2"}],"replies":[{"embeddable":true,"href":"https:\/\/www.caririemacao.com\/1\/wp-json\/wp\/v2\/comments?post=160767"}],"version-history":[{"count":1,"href":"https:\/\/www.caririemacao.com\/1\/wp-json\/wp\/v2\/posts\/160767\/revisions"}],"predecessor-version":[{"id":160769,"href":"https:\/\/www.caririemacao.com\/1\/wp-json\/wp\/v2\/posts\/160767\/revisions\/160769"}],"wp:featuredmedia":[{"embeddable":true,"href":"https:\/\/www.caririemacao.com\/1\/wp-json\/wp\/v2\/media\/160768"}],"wp:attachment":[{"href":"https:\/\/www.caririemacao.com\/1\/wp-json\/wp\/v2\/media?parent=160767"}],"wp:term":[{"taxonomy":"category","embeddable":true,"href":"https:\/\/www.caririemacao.com\/1\/wp-json\/wp\/v2\/categories?post=160767"},{"taxonomy":"post_tag","embeddable":true,"href":"https:\/\/www.caririemacao.com\/1\/wp-json\/wp\/v2\/tags?post=160767"}],"curies":[{"name":"wp","href":"https:\/\/api.w.org\/{rel}","templated":true}]}}