{"id":160772,"date":"2020-03-28T10:11:36","date_gmt":"2020-03-28T13:11:36","guid":{"rendered":"http:\/\/www.caririemacao.com\/1\/?p=160772"},"modified":"2020-03-28T10:11:38","modified_gmt":"2020-03-28T13:11:38","slug":"secretario-de-estado-tiberio-limeira-atende-pedido-do-prefeito-e-doa-80-colchoes-e-cobertores-para-saosebastianenses-vitimas-de-enchente","status":"publish","type":"post","link":"https:\/\/www.caririemacao.com\/1\/2020\/03\/28\/secretario-de-estado-tiberio-limeira-atende-pedido-do-prefeito-e-doa-80-colchoes-e-cobertores-para-saosebastianenses-vitimas-de-enchente\/","title":{"rendered":"Secret\u00e1rio de estado Tib\u00e9rio Limeira atende pedido do prefeito e doa 80 colch\u00f5es e cobertores para saosebastianenses v\u00edtimas de enchente"},"content":{"rendered":"\n<p>O prefeito Adriano Wolff confirmou na manh\u00e3 desta sexta feira, 27, a doa\u00e7\u00e3o de 80 colch\u00f5es para as fam\u00edlias v\u00edtimas da enchente ocorrida em SS do Umbuzeiro na \u00faltima segunda feira.<br>Um caminh\u00e3o com a doa\u00e7\u00e3o, foi enviado pelo Secret\u00e1rio de<\/p>\n\n\n\n<p>Desenvolvimento Humano do Estado, Tib\u00e9rio Limeira atendendo uma solicita\u00e7\u00e3o do gestor municipal.<br><\/p>\n\n\n\n<p>\u201cS\u00e3o 80 colch\u00f5es e cobertores para as v\u00edtimas das enchentes em nosso munic\u00edpio. O Secret\u00e1rioTib\u00e9rio, atendeu nossa solicita\u00e7\u00e3o, e a popula\u00e7\u00e3o saosebastianense agradece de cora\u00e7\u00e3o pelo gesto. Fazer o bem sem olhar a quem \u00e9 muito gratificante, experimente voc\u00ea tamb\u00e9m\u201d, agradeceu o prefeito.<\/p>\n","protected":false},"excerpt":{"rendered":"<p>O prefeito Adriano Wolff confirmou na manh\u00e3 desta sexta feira, 27, a doa\u00e7\u00e3o de 80 colch\u00f5es para as fam\u00edlias v\u00edtimas da enchente ocorrida em SS&hellip; <\/p>\n","protected":false},"author":2,"featured_media":160773,"comment_status":"closed","ping_status":"closed","sticky":false,"template":"","format":"standard","meta":{"sfsi_plus_gutenberg_text_before_share":"","sfsi_plus_gutenberg_show_text_before_share":"","sfsi_plus_gutenberg_icon_type":"","sfsi_plus_gutenberg_icon_alignemt":"","sfsi_plus_gutenburg_max_per_row":"","footnotes":""},"categories":[6],"tags":[],"class_list":["post-160772","post","type-post","status-publish","format-standard","has-post-thumbnail","hentry","category-cidades"],"_links":{"self":[{"href":"https:\/\/www.caririemacao.com\/1\/wp-json\/wp\/v2\/posts\/160772","targetHints":{"allow":["GET"]}}],"collection":[{"href":"https:\/\/www.caririemacao.com\/1\/wp-json\/wp\/v2\/posts"}],"about":[{"href":"https:\/\/www.caririemacao.com\/1\/wp-json\/wp\/v2\/types\/post"}],"author":[{"embeddable":true,"href":"https:\/\/www.caririemacao.com\/1\/wp-json\/wp\/v2\/users\/2"}],"replies":[{"embeddable":true,"href":"https:\/\/www.caririemacao.com\/1\/wp-json\/wp\/v2\/comments?post=160772"}],"version-history":[{"count":1,"href":"https:\/\/www.caririemacao.com\/1\/wp-json\/wp\/v2\/posts\/160772\/revisions"}],"predecessor-version":[{"id":160774,"href":"https:\/\/www.caririemacao.com\/1\/wp-json\/wp\/v2\/posts\/160772\/revisions\/160774"}],"wp:featuredmedia":[{"embeddable":true,"href":"https:\/\/www.caririemacao.com\/1\/wp-json\/wp\/v2\/media\/160773"}],"wp:attachment":[{"href":"https:\/\/www.caririemacao.com\/1\/wp-json\/wp\/v2\/media?parent=160772"}],"wp:term":[{"taxonomy":"category","embeddable":true,"href":"https:\/\/www.caririemacao.com\/1\/wp-json\/wp\/v2\/categories?post=160772"},{"taxonomy":"post_tag","embeddable":true,"href":"https:\/\/www.caririemacao.com\/1\/wp-json\/wp\/v2\/tags?post=160772"}],"curies":[{"name":"wp","href":"https:\/\/api.w.org\/{rel}","templated":true}]}}