{"id":160778,"date":"2020-03-28T10:13:42","date_gmt":"2020-03-28T13:13:42","guid":{"rendered":"http:\/\/www.caririemacao.com\/1\/?p=160778"},"modified":"2020-03-28T10:13:44","modified_gmt":"2020-03-28T13:13:44","slug":"homem-e-assassinado-com-requintes-de-crueldade-em-cidade-do-cariri","status":"publish","type":"post","link":"https:\/\/www.caririemacao.com\/1\/2020\/03\/28\/homem-e-assassinado-com-requintes-de-crueldade-em-cidade-do-cariri\/","title":{"rendered":"Homem \u00e9 assassinado com requintes de crueldade em cidade do Cariri"},"content":{"rendered":"\n<p>No in\u00edcio da tarde desta sexta-feira(27) um assassinato com requintes de crueldade foi registrado no munic\u00edpio de Boqueir\u00e3o, Cariri da Para\u00edba.<\/p>\n\n\n\n<p>Segundo informa\u00e7\u00f5es, o corpo do jovem Marlon Souza foi encontrado por populares em um terreno nas proximidades da nova creche municipal. O jovem estava emborcado no local e com as marcas vis\u00edveis de agress\u00f5es por todo o corpo.<\/p>\n\n\n\n<p>O local foi isolado pela Pol\u00edcia Militar e agora aguarda a chegada do Instituto M\u00e9dico Legal (IML), que far\u00e1 o recolhimento do corpo para a realiza\u00e7\u00e3o da per\u00edcia m\u00e9dica.<\/p>\n\n\n\n<p>At\u00e9 o momento os autores do crime n\u00e3o foram identificados. A Pol\u00edcia Civil passar\u00e1 a investigar o caso.<\/p>\n\n\n\n<p><strong>De Olho no Cariri<\/strong><\/p>\n","protected":false},"excerpt":{"rendered":"<p>No in\u00edcio da tarde desta sexta-feira(27) um assassinato com requintes de crueldade foi registrado no munic\u00edpio de Boqueir\u00e3o, Cariri da Para\u00edba. Segundo informa\u00e7\u00f5es, o corpo&hellip; <\/p>\n","protected":false},"author":2,"featured_media":160150,"comment_status":"closed","ping_status":"closed","sticky":false,"template":"","format":"standard","meta":{"sfsi_plus_gutenberg_text_before_share":"","sfsi_plus_gutenberg_show_text_before_share":"","sfsi_plus_gutenberg_icon_type":"","sfsi_plus_gutenberg_icon_alignemt":"","sfsi_plus_gutenburg_max_per_row":"","footnotes":""},"categories":[50,12],"tags":[],"class_list":["post-160778","post","type-post","status-publish","format-standard","has-post-thumbnail","hentry","category-destaque","category-policia"],"_links":{"self":[{"href":"https:\/\/www.caririemacao.com\/1\/wp-json\/wp\/v2\/posts\/160778","targetHints":{"allow":["GET"]}}],"collection":[{"href":"https:\/\/www.caririemacao.com\/1\/wp-json\/wp\/v2\/posts"}],"about":[{"href":"https:\/\/www.caririemacao.com\/1\/wp-json\/wp\/v2\/types\/post"}],"author":[{"embeddable":true,"href":"https:\/\/www.caririemacao.com\/1\/wp-json\/wp\/v2\/users\/2"}],"replies":[{"embeddable":true,"href":"https:\/\/www.caririemacao.com\/1\/wp-json\/wp\/v2\/comments?post=160778"}],"version-history":[{"count":1,"href":"https:\/\/www.caririemacao.com\/1\/wp-json\/wp\/v2\/posts\/160778\/revisions"}],"predecessor-version":[{"id":160779,"href":"https:\/\/www.caririemacao.com\/1\/wp-json\/wp\/v2\/posts\/160778\/revisions\/160779"}],"wp:featuredmedia":[{"embeddable":true,"href":"https:\/\/www.caririemacao.com\/1\/wp-json\/wp\/v2\/media\/160150"}],"wp:attachment":[{"href":"https:\/\/www.caririemacao.com\/1\/wp-json\/wp\/v2\/media?parent=160778"}],"wp:term":[{"taxonomy":"category","embeddable":true,"href":"https:\/\/www.caririemacao.com\/1\/wp-json\/wp\/v2\/categories?post=160778"},{"taxonomy":"post_tag","embeddable":true,"href":"https:\/\/www.caririemacao.com\/1\/wp-json\/wp\/v2\/tags?post=160778"}],"curies":[{"name":"wp","href":"https:\/\/api.w.org\/{rel}","templated":true}]}}