{"id":160785,"date":"2020-03-28T10:36:01","date_gmt":"2020-03-28T13:36:01","guid":{"rendered":"http:\/\/www.caririemacao.com\/1\/?p=160785"},"modified":"2020-03-28T10:37:02","modified_gmt":"2020-03-28T13:37:02","slug":"maquinas-da-prefeitura-trabalham-para-evitar-novas-enchentes-em-ss-do-umbuzeiro","status":"publish","type":"post","link":"https:\/\/www.caririemacao.com\/1\/2020\/03\/28\/maquinas-da-prefeitura-trabalham-para-evitar-novas-enchentes-em-ss-do-umbuzeiro\/","title":{"rendered":"M\u00e1quinas da Prefeitura trabalham para evitar novas  enchentes em SS do Umbuzeiro"},"content":{"rendered":"\n<p>Na tarde da \u00faltima quinta feira (26), foram enviadas algumas m\u00e1quinas pelo prefeito, Adriano Wolff, para realizaram servi\u00e7os no popular A\u00e7ude do Governo, em S\u00e3o Sebasti\u00e3o do Umbuzerio. <\/p>\n\n\n\n<p><br>Tamb\u00e9m foi realizada a limpeza da passagem de \u00e1gua da Rua da Salina, e entre outras ruas. Nestes momentos, a equipe da Prefeitura de S\u00e3o Sebasti\u00e3o do Umbuzeiro, n\u00e3o tem medido esfor\u00e7os para atender as solicita\u00e7\u00f5es de limpeza ou mesmo para rasgar os sangradores das barragens e a\u00e7udes.<\/p>\n\n\n\n<p><br>O objetivo \u00e9 evitar novos transtornos com as \u00e1guas em caso de registros de mais chuvas para poupar a popula\u00e7\u00e3o de mais sofrimento.<\/p>\n\n\n\n<p><br>Com F\u00e1bio Brito<\/p>\n","protected":false},"excerpt":{"rendered":"<p>Na tarde da \u00faltima quinta feira (26), foram enviadas algumas m\u00e1quinas pelo prefeito, Adriano Wolff, para realizaram servi\u00e7os no popular A\u00e7ude do Governo, em S\u00e3o&hellip; <\/p>\n","protected":false},"author":1,"featured_media":160786,"comment_status":"closed","ping_status":"closed","sticky":false,"template":"","format":"standard","meta":{"sfsi_plus_gutenberg_text_before_share":"","sfsi_plus_gutenberg_show_text_before_share":"","sfsi_plus_gutenberg_icon_type":"","sfsi_plus_gutenberg_icon_alignemt":"","sfsi_plus_gutenburg_max_per_row":"","footnotes":""},"categories":[6,50],"tags":[],"class_list":["post-160785","post","type-post","status-publish","format-standard","has-post-thumbnail","hentry","category-cidades","category-destaque"],"_links":{"self":[{"href":"https:\/\/www.caririemacao.com\/1\/wp-json\/wp\/v2\/posts\/160785","targetHints":{"allow":["GET"]}}],"collection":[{"href":"https:\/\/www.caririemacao.com\/1\/wp-json\/wp\/v2\/posts"}],"about":[{"href":"https:\/\/www.caririemacao.com\/1\/wp-json\/wp\/v2\/types\/post"}],"author":[{"embeddable":true,"href":"https:\/\/www.caririemacao.com\/1\/wp-json\/wp\/v2\/users\/1"}],"replies":[{"embeddable":true,"href":"https:\/\/www.caririemacao.com\/1\/wp-json\/wp\/v2\/comments?post=160785"}],"version-history":[{"count":2,"href":"https:\/\/www.caririemacao.com\/1\/wp-json\/wp\/v2\/posts\/160785\/revisions"}],"predecessor-version":[{"id":160789,"href":"https:\/\/www.caririemacao.com\/1\/wp-json\/wp\/v2\/posts\/160785\/revisions\/160789"}],"wp:featuredmedia":[{"embeddable":true,"href":"https:\/\/www.caririemacao.com\/1\/wp-json\/wp\/v2\/media\/160786"}],"wp:attachment":[{"href":"https:\/\/www.caririemacao.com\/1\/wp-json\/wp\/v2\/media?parent=160785"}],"wp:term":[{"taxonomy":"category","embeddable":true,"href":"https:\/\/www.caririemacao.com\/1\/wp-json\/wp\/v2\/categories?post=160785"},{"taxonomy":"post_tag","embeddable":true,"href":"https:\/\/www.caririemacao.com\/1\/wp-json\/wp\/v2\/tags?post=160785"}],"curies":[{"name":"wp","href":"https:\/\/api.w.org\/{rel}","templated":true}]}}