{"id":160790,"date":"2020-03-28T10:48:15","date_gmt":"2020-03-28T13:48:15","guid":{"rendered":"http:\/\/www.caririemacao.com\/1\/?p=160790"},"modified":"2020-03-28T10:51:35","modified_gmt":"2020-03-28T13:51:35","slug":"camalau-vacinas-contra-h1n1-serao-feitas-nas-residencias-diz-prefeito-sandro-moco","status":"publish","type":"post","link":"https:\/\/www.caririemacao.com\/1\/2020\/03\/28\/camalau-vacinas-contra-h1n1-serao-feitas-nas-residencias-diz-prefeito-sandro-moco\/","title":{"rendered":"Camala\u00fa: &#8220;Vacina contra H1N1 ser\u00e1 feita nas resid\u00eancias&#8221;, diz Prefeito Sandro M\u00f4co"},"content":{"rendered":"\n<p>O Governo Municipal de Camala\u00fa, por determina\u00e7\u00e3o do prefeito Sandro M\u00f4co, estabeleceu que a vacina contra o H1N1, fosse feita nas resid\u00eancias das pessoas, evitando assim a aglomera\u00e7\u00e3o. O processor de vacina\u00e7\u00e3o est\u00e1 sendo feito atrav\u00e9s dos agentes comunit\u00e1rios de sa\u00fade acompanhado de um t\u00e9cnico em enfermagem.<\/p>\n\n\n\n<p>O prefeito Sandro M\u00f4co, seguindo as recomenda\u00e7\u00f5es da OMS (Organiza\u00e7\u00e3o Mundial de Sa\u00fade), e de inst\u00e2ncias governamentais superiores, vem implementando no munic\u00edpio de Camala\u00fa, medidas de preven\u00e7\u00e3o contra o Covid-19.<\/p>\n","protected":false},"excerpt":{"rendered":"<p>O Governo Municipal de Camala\u00fa, por determina\u00e7\u00e3o do prefeito Sandro M\u00f4co, estabeleceu que a vacina contra o H1N1, fosse feita nas resid\u00eancias das pessoas, evitando&hellip; <\/p>\n","protected":false},"author":1,"featured_media":61167,"comment_status":"closed","ping_status":"closed","sticky":false,"template":"","format":"standard","meta":{"sfsi_plus_gutenberg_text_before_share":"","sfsi_plus_gutenberg_show_text_before_share":"","sfsi_plus_gutenberg_icon_type":"","sfsi_plus_gutenberg_icon_alignemt":"","sfsi_plus_gutenburg_max_per_row":"","footnotes":""},"categories":[6,50,16],"tags":[],"class_list":["post-160790","post","type-post","status-publish","format-standard","has-post-thumbnail","hentry","category-cidades","category-destaque","category-saude"],"_links":{"self":[{"href":"https:\/\/www.caririemacao.com\/1\/wp-json\/wp\/v2\/posts\/160790","targetHints":{"allow":["GET"]}}],"collection":[{"href":"https:\/\/www.caririemacao.com\/1\/wp-json\/wp\/v2\/posts"}],"about":[{"href":"https:\/\/www.caririemacao.com\/1\/wp-json\/wp\/v2\/types\/post"}],"author":[{"embeddable":true,"href":"https:\/\/www.caririemacao.com\/1\/wp-json\/wp\/v2\/users\/1"}],"replies":[{"embeddable":true,"href":"https:\/\/www.caririemacao.com\/1\/wp-json\/wp\/v2\/comments?post=160790"}],"version-history":[{"count":4,"href":"https:\/\/www.caririemacao.com\/1\/wp-json\/wp\/v2\/posts\/160790\/revisions"}],"predecessor-version":[{"id":160794,"href":"https:\/\/www.caririemacao.com\/1\/wp-json\/wp\/v2\/posts\/160790\/revisions\/160794"}],"wp:featuredmedia":[{"embeddable":true,"href":"https:\/\/www.caririemacao.com\/1\/wp-json\/wp\/v2\/media\/61167"}],"wp:attachment":[{"href":"https:\/\/www.caririemacao.com\/1\/wp-json\/wp\/v2\/media?parent=160790"}],"wp:term":[{"taxonomy":"category","embeddable":true,"href":"https:\/\/www.caririemacao.com\/1\/wp-json\/wp\/v2\/categories?post=160790"},{"taxonomy":"post_tag","embeddable":true,"href":"https:\/\/www.caririemacao.com\/1\/wp-json\/wp\/v2\/tags?post=160790"}],"curies":[{"name":"wp","href":"https:\/\/api.w.org\/{rel}","templated":true}]}}