{"id":160797,"date":"2020-03-28T13:04:34","date_gmt":"2020-03-28T16:04:34","guid":{"rendered":"http:\/\/www.caririemacao.com\/1\/?p=160797"},"modified":"2020-03-28T13:04:36","modified_gmt":"2020-03-28T16:04:36","slug":"4-novos-casos-de-covid-19-sao-confirmados-na-paraiba-subindo-para-14-o-n-de-infectados","status":"publish","type":"post","link":"https:\/\/www.caririemacao.com\/1\/2020\/03\/28\/4-novos-casos-de-covid-19-sao-confirmados-na-paraiba-subindo-para-14-o-n-de-infectados\/","title":{"rendered":"4 novos casos de Covid-19 s\u00e3o confirmados na Para\u00edba, subindo para 14 o n\u00b0 de infectados"},"content":{"rendered":"\n<p>Quatro novos casos da Covid-19 foram confirmados na Para\u00edba na manh\u00e3 deste s\u00e1bado (28). S\u00e3o tr\u00eas novos registros em Jo\u00e3o Pessoa e um em Campina Grande, conforme boletim emitido pela Secretaria de Estado da Sa\u00fade (SES). Com as confirma\u00e7\u00f5es, a Para\u00edba totaliza 14 pessoas infectadas pelo novo coronav\u00edrus, por\u00e9m sem nenhum \u00f3bito.<\/p>\n\n\n\n<p>S\u00e3o&nbsp; 10 na capital, um em Igaracy, um em Sousa e dois em Campina Grande. Apenas um desses casos, uma mulher de 55 anos, est\u00e1 internada em leito regular de hospital privado na capital.<\/p>\n\n\n\n<p>Todos os infectados diagnosticados neste s\u00e1bado seguem em isolamento domiciliar. Eles s\u00e3o: homem de 59 anos, mulher, 47 anos, homem, 55 anos e outro homem, de 60 anos.<\/p>\n\n\n\n<p>MaisPB<\/p>\n","protected":false},"excerpt":{"rendered":"<p>Quatro novos casos da Covid-19 foram confirmados na Para\u00edba na manh\u00e3 deste s\u00e1bado (28). S\u00e3o tr\u00eas novos registros em Jo\u00e3o Pessoa e um em Campina&hellip; <\/p>\n","protected":false},"author":1,"featured_media":159083,"comment_status":"closed","ping_status":"closed","sticky":false,"template":"","format":"standard","meta":{"sfsi_plus_gutenberg_text_before_share":"","sfsi_plus_gutenberg_show_text_before_share":"","sfsi_plus_gutenberg_icon_type":"","sfsi_plus_gutenberg_icon_alignemt":"","sfsi_plus_gutenburg_max_per_row":"","footnotes":""},"categories":[50,16],"tags":[],"class_list":["post-160797","post","type-post","status-publish","format-standard","has-post-thumbnail","hentry","category-destaque","category-saude"],"_links":{"self":[{"href":"https:\/\/www.caririemacao.com\/1\/wp-json\/wp\/v2\/posts\/160797","targetHints":{"allow":["GET"]}}],"collection":[{"href":"https:\/\/www.caririemacao.com\/1\/wp-json\/wp\/v2\/posts"}],"about":[{"href":"https:\/\/www.caririemacao.com\/1\/wp-json\/wp\/v2\/types\/post"}],"author":[{"embeddable":true,"href":"https:\/\/www.caririemacao.com\/1\/wp-json\/wp\/v2\/users\/1"}],"replies":[{"embeddable":true,"href":"https:\/\/www.caririemacao.com\/1\/wp-json\/wp\/v2\/comments?post=160797"}],"version-history":[{"count":1,"href":"https:\/\/www.caririemacao.com\/1\/wp-json\/wp\/v2\/posts\/160797\/revisions"}],"predecessor-version":[{"id":160800,"href":"https:\/\/www.caririemacao.com\/1\/wp-json\/wp\/v2\/posts\/160797\/revisions\/160800"}],"wp:featuredmedia":[{"embeddable":true,"href":"https:\/\/www.caririemacao.com\/1\/wp-json\/wp\/v2\/media\/159083"}],"wp:attachment":[{"href":"https:\/\/www.caririemacao.com\/1\/wp-json\/wp\/v2\/media?parent=160797"}],"wp:term":[{"taxonomy":"category","embeddable":true,"href":"https:\/\/www.caririemacao.com\/1\/wp-json\/wp\/v2\/categories?post=160797"},{"taxonomy":"post_tag","embeddable":true,"href":"https:\/\/www.caririemacao.com\/1\/wp-json\/wp\/v2\/tags?post=160797"}],"curies":[{"name":"wp","href":"https:\/\/api.w.org\/{rel}","templated":true}]}}