{"id":160799,"date":"2020-03-28T13:04:44","date_gmt":"2020-03-28T16:04:44","guid":{"rendered":"http:\/\/www.caririemacao.com\/1\/?p=160799"},"modified":"2020-03-28T13:04:45","modified_gmt":"2020-03-28T16:04:45","slug":"pediatra-da-dica-de-opcoes-para-entreter-as-criancas-e-manter-a-rotina-sem-tedio","status":"publish","type":"post","link":"https:\/\/www.caririemacao.com\/1\/2020\/03\/28\/pediatra-da-dica-de-opcoes-para-entreter-as-criancas-e-manter-a-rotina-sem-tedio\/","title":{"rendered":"Pediatra d\u00e1 dica de op\u00e7\u00f5es para entreter as crian\u00e7as e manter a rotina sem t\u00e9dio"},"content":{"rendered":"\n<p>\u201cM\u00e3e, olha o que meu irm\u00e3o t\u00e1 fazendo\u201d, \u201cM\u00e3e, eu quero brincar na pra\u00e7a\u201d, \u201cM\u00e3e, eu n\u00e3o aguento mais ficar em casa\u201d, essas s\u00e3o algumas frases que muitas mam\u00e3es t\u00eam ouvido ao longo desses dias de quarentena. Explicar aos pequenos o momento que o pa\u00eds vem enfrentando nem sempre \u00e9 uma tarefa que surte efeito, tendo em vista que alguns ainda n\u00e3o possuem idade para compreender o que \u00e9 uma pandemia, suas restri\u00e7\u00f5es e consequ\u00eancias.<\/p>\n\n\n\n<p>Por outro lado, para mam\u00e3es e papais buscar entreter as crian\u00e7as em casa por tantas horas seguidas \u00e9 um grande desafio. A pediatra do Hospital do Hapvida em Jo\u00e3o Pessoa, Ivna Toscano refor\u00e7a a ideia de \u201cquarentena n\u00e3o \u00e9 f\u00e9rias\u201d e explica o que pode ser feito para que os pequenos n\u00e3o fiquem entediados.<\/p>\n\n\n\n<p>\u201cNeste momento o importante \u00e9 procurar entreter as crian\u00e7as com atividades recreativas e pedag\u00f3gicas, evitando que elas fiquem entediadas, agitadas ou gaste todo o tempo nas telas\u201d, orienta.<\/p>\n\n\n\n<p>A pediatra explica que as atividades podem variar de acordo com a idade da crian\u00e7a e \u00e9 preciso levar em considera\u00e7\u00e3o o que a crian\u00e7a mais gosta. Al\u00e9m disso, buscando inovar na brincadeira.<\/p>\n\n\n\n<p>\u201cNa internet se encontra v\u00e1rios jogos, din\u00e2micas e brincadeiras que podem ser feitas com material reciclado, experimentos que podem ser realizados com ingredientes presentes na nossa \u2018feira\u2019 e diversos materiais para contar hist\u00f3rias, fazer bonecos, colagem, pintura e etc. O segredo \u00e9 usar a criatividade e se divertir tamb\u00e9m\u201d, sugere.<\/p>\n\n\n\n<p>Outra preocupa\u00e7\u00e3o dos pais neste per\u00edodo de quarentena \u00e9 em rela\u00e7\u00e3o ao ritmo com as atividades escolares. Sendo assim, a pediatra afirma que os respons\u00e1veis pela crian\u00e7a que est\u00e1 em casa devem buscar tamb\u00e9m desenvolver atividades pedag\u00f3gicas adequadas para faixa et\u00e1ria com o intuito de treinar a concentra\u00e7\u00e3o dos pequenos.<\/p>\n\n\n\n<p>\u201cAlgumas escolas disponibilizaram materiais para esse per\u00edodo de quarentena, mas em situa\u00e7\u00f5es em que a escola n\u00e3o tenha disponibilizado procure o assunto estudado nesse in\u00edcio de ano e atividades compat\u00edveis para sedimentar o conhecimento em sala de aula\u201d, recomenda.<\/p>\n\n\n\n<p>O uso das telas neste per\u00edodo \u00e9 algo que tem provocado certo receio nos pais tamb\u00e9m. Diante de tal situa\u00e7\u00e3o, a pediatra assegura que o ideal seria seguir as recomenda\u00e7\u00f5es de uso de telas para cada faixa et\u00e1ria. Menores de dois anos n\u00e3o devem ser expostos a tela; entre dois e cinco anos, at\u00e9 uma hora por dia e acima de cinco anos 2 horas por dia.<\/p>\n\n\n\n<p>\u201cNesse per\u00edodo ser\u00e1 dif\u00edcil mant\u00ea-los sem tela por tanto tempo, mas procure organizar um \u2018cinema em casa\u2019, jogos onde toda a fam\u00edlia possa participar e etc\u201d, indica.<\/p>\n\n\n\n<p>Aten\u00e7\u00e3o redobrada \u2013 Ivna Toscano aproveita a oportunidade para fazer um alerta \u00e0s mam\u00e3es e papais, no sentido, de assegurar seguran\u00e7a as crian\u00e7as, seja na hora de desenvolver atividades e de uma maneira geral tamb\u00e9m.<\/p>\n\n\n\n<p>\u201cOs cuidados devem ser tomados, como evitar brincadeiras em piscinas ou balde sem supervis\u00e3o, evitar contato com eletricidade e fogo. Sempre que poss\u00edvel supervisione a brincadeira e participe\u201d, conclui.<\/p>\n","protected":false},"excerpt":{"rendered":"<p>\u201cM\u00e3e, olha o que meu irm\u00e3o t\u00e1 fazendo\u201d, \u201cM\u00e3e, eu quero brincar na pra\u00e7a\u201d, \u201cM\u00e3e, eu n\u00e3o aguento mais ficar em casa\u201d, essas s\u00e3o algumas&hellip; <\/p>\n","protected":false},"author":2,"featured_media":118752,"comment_status":"closed","ping_status":"closed","sticky":false,"template":"","format":"standard","meta":{"sfsi_plus_gutenberg_text_before_share":"","sfsi_plus_gutenberg_show_text_before_share":"","sfsi_plus_gutenberg_icon_type":"","sfsi_plus_gutenberg_icon_alignemt":"","sfsi_plus_gutenburg_max_per_row":"","footnotes":""},"categories":[16],"tags":[],"class_list":["post-160799","post","type-post","status-publish","format-standard","has-post-thumbnail","hentry","category-saude"],"_links":{"self":[{"href":"https:\/\/www.caririemacao.com\/1\/wp-json\/wp\/v2\/posts\/160799","targetHints":{"allow":["GET"]}}],"collection":[{"href":"https:\/\/www.caririemacao.com\/1\/wp-json\/wp\/v2\/posts"}],"about":[{"href":"https:\/\/www.caririemacao.com\/1\/wp-json\/wp\/v2\/types\/post"}],"author":[{"embeddable":true,"href":"https:\/\/www.caririemacao.com\/1\/wp-json\/wp\/v2\/users\/2"}],"replies":[{"embeddable":true,"href":"https:\/\/www.caririemacao.com\/1\/wp-json\/wp\/v2\/comments?post=160799"}],"version-history":[{"count":1,"href":"https:\/\/www.caririemacao.com\/1\/wp-json\/wp\/v2\/posts\/160799\/revisions"}],"predecessor-version":[{"id":160801,"href":"https:\/\/www.caririemacao.com\/1\/wp-json\/wp\/v2\/posts\/160799\/revisions\/160801"}],"wp:featuredmedia":[{"embeddable":true,"href":"https:\/\/www.caririemacao.com\/1\/wp-json\/wp\/v2\/media\/118752"}],"wp:attachment":[{"href":"https:\/\/www.caririemacao.com\/1\/wp-json\/wp\/v2\/media?parent=160799"}],"wp:term":[{"taxonomy":"category","embeddable":true,"href":"https:\/\/www.caririemacao.com\/1\/wp-json\/wp\/v2\/categories?post=160799"},{"taxonomy":"post_tag","embeddable":true,"href":"https:\/\/www.caririemacao.com\/1\/wp-json\/wp\/v2\/tags?post=160799"}],"curies":[{"name":"wp","href":"https:\/\/api.w.org\/{rel}","templated":true}]}}