{"id":160805,"date":"2020-03-28T13:06:13","date_gmt":"2020-03-28T16:06:13","guid":{"rendered":"http:\/\/www.caririemacao.com\/1\/?p=160805"},"modified":"2020-03-28T13:06:14","modified_gmt":"2020-03-28T16:06:14","slug":"e-importante-que-a-crianca-nao-perca-o-habito-de-estudar-reforca-especialista","status":"publish","type":"post","link":"https:\/\/www.caririemacao.com\/1\/2020\/03\/28\/e-importante-que-a-crianca-nao-perca-o-habito-de-estudar-reforca-especialista\/","title":{"rendered":"\u201c\u00c9 importante que a crian\u00e7a n\u00e3o perca o h\u00e1bito de estudar\u201d, refor\u00e7a especialista"},"content":{"rendered":"\n<p>\u00c9 importante que a crian\u00e7a n\u00e3o perca o h\u00e1bito de estudar\u201d, refor\u00e7a especialista<\/p>\n\n\n\n<p>Com o fechamento obrigat\u00f3rio de escolas e creches, medida adotada para combater o avan\u00e7o do novo coronav\u00edrus no pa\u00eds, os pais passaram a lidar com uma outra quest\u00e3o: como ocupar o tempo ocioso das crian\u00e7as durante este momento dif\u00edcil momento de quarentena?<\/p>\n\n\n\n<p>De acordo com a psicopedagoga Silvana Silvestre, este \u00e9 momento prop\u00edcio para que os pais se aproximem mais de seus filhos, promovendo uma maior intera\u00e7\u00e3o familiar.<\/p>\n\n\n\n<p>\u2013 Diante desta pandemia, tem que se tomar alguns cuidados com as crian\u00e7as, para que quando tudo isso acabe, eles n\u00e3o fiquem desacostumados com a rotina de estudos. \u00c9 o momento oportuno para os pais estarem mais presentes, \u00e9 importante incentivar os h\u00e1bitos de higiene para as crian\u00e7as, e tentar manter uma rotina de estudos- afirmou.<\/p>\n\n\n\n<p>A especialista ressaltou sobre a necessidade de estrat\u00e9gias e atividades,que ocupem o tempo das crian\u00e7as de diversas formas, inclusive com tarefas voltadas para o aprendizado escolar, pois, segundo ela, as crian\u00e7as n\u00e3o podem perder o h\u00e1bito de estudar.<\/p>\n\n\n\n<p>\u2013 A crian\u00e7a n\u00e3o pode parar de fazer atividades como ler um livro, fazer um atividade l\u00fadica, ajudar em algumas tarefas de casa, como forrar uma cama, por exemplo. A crian\u00e7a precisa ter o seu tempo ocioso ocupado. Isso n\u00e3o quer dizer que v\u00e1 ficar o tempo todo fazendo alguma tarefa, mas \u00e9 importante que a crian\u00e7a n\u00e3o perca o h\u00e1bito de estudar- enfatizou.<\/p>\n","protected":false},"excerpt":{"rendered":"<p>\u00c9 importante que a crian\u00e7a n\u00e3o perca o h\u00e1bito de estudar\u201d, refor\u00e7a especialista Com o fechamento obrigat\u00f3rio de escolas e creches, medida adotada para combater&hellip; <\/p>\n","protected":false},"author":2,"featured_media":160806,"comment_status":"closed","ping_status":"closed","sticky":false,"template":"","format":"standard","meta":{"sfsi_plus_gutenberg_text_before_share":"","sfsi_plus_gutenberg_show_text_before_share":"","sfsi_plus_gutenberg_icon_type":"","sfsi_plus_gutenberg_icon_alignemt":"","sfsi_plus_gutenburg_max_per_row":"","footnotes":""},"categories":[14],"tags":[],"class_list":["post-160805","post","type-post","status-publish","format-standard","has-post-thumbnail","hentry","category-educacao"],"_links":{"self":[{"href":"https:\/\/www.caririemacao.com\/1\/wp-json\/wp\/v2\/posts\/160805","targetHints":{"allow":["GET"]}}],"collection":[{"href":"https:\/\/www.caririemacao.com\/1\/wp-json\/wp\/v2\/posts"}],"about":[{"href":"https:\/\/www.caririemacao.com\/1\/wp-json\/wp\/v2\/types\/post"}],"author":[{"embeddable":true,"href":"https:\/\/www.caririemacao.com\/1\/wp-json\/wp\/v2\/users\/2"}],"replies":[{"embeddable":true,"href":"https:\/\/www.caririemacao.com\/1\/wp-json\/wp\/v2\/comments?post=160805"}],"version-history":[{"count":1,"href":"https:\/\/www.caririemacao.com\/1\/wp-json\/wp\/v2\/posts\/160805\/revisions"}],"predecessor-version":[{"id":160807,"href":"https:\/\/www.caririemacao.com\/1\/wp-json\/wp\/v2\/posts\/160805\/revisions\/160807"}],"wp:featuredmedia":[{"embeddable":true,"href":"https:\/\/www.caririemacao.com\/1\/wp-json\/wp\/v2\/media\/160806"}],"wp:attachment":[{"href":"https:\/\/www.caririemacao.com\/1\/wp-json\/wp\/v2\/media?parent=160805"}],"wp:term":[{"taxonomy":"category","embeddable":true,"href":"https:\/\/www.caririemacao.com\/1\/wp-json\/wp\/v2\/categories?post=160805"},{"taxonomy":"post_tag","embeddable":true,"href":"https:\/\/www.caririemacao.com\/1\/wp-json\/wp\/v2\/tags?post=160805"}],"curies":[{"name":"wp","href":"https:\/\/api.w.org\/{rel}","templated":true}]}}