{"id":160810,"date":"2020-03-28T13:07:18","date_gmt":"2020-03-28T16:07:18","guid":{"rendered":"http:\/\/www.caririemacao.com\/1\/?p=160810"},"modified":"2020-03-28T13:07:20","modified_gmt":"2020-03-28T16:07:20","slug":"conmebol-vai-liberar-verbas-para-clubes-da-libertadores-e-sul-americana","status":"publish","type":"post","link":"https:\/\/www.caririemacao.com\/1\/2020\/03\/28\/conmebol-vai-liberar-verbas-para-clubes-da-libertadores-e-sul-americana\/","title":{"rendered":"Conmebol vai liberar verbas para clubes da Libertadores e Sul-Americana"},"content":{"rendered":"\n<p>A Conmebol anunciou quinta (26) que ir\u00e1 adiantar verbas a clubes que ainda est\u00e3o disputando a Copa Libertadores da Am\u00e9rica ou a Copa Sul-Americana, ambas paralisadas em decorr\u00eancia da pandemia do novo coronav\u00edrus. A inten\u00e7\u00e3o da entidade \u00e9 aliviar a situa\u00e7\u00e3o financeira das equipes.<\/p>\n\n\n\n<p>Em nota, a Conmebol informou que os times poder\u00e3o \u201csolicitar um adiantamento excepcional de at\u00e9 60% do pr\u00eamio de participa\u00e7\u00e3o\u201d nos torneios. Desta forma, ter\u00e3o mais facilidade para controlar suas despesas.<\/p>\n\n\n\n<p>\u201cSitua\u00e7\u00f5es como essa exigem respostas r\u00e1pidas e excepcionais, com o objetivo tanto de preservar a sa\u00fade da grande fam\u00edlia do futebol sul-americano quanto para reduzir, na medida do poss\u00edvel, o impacto econ\u00f4mico da interrup\u00e7\u00e3o das competi\u00e7\u00f5es\u201d, explicou o presidente da Conmebol, Alejandro Dom\u00ednguez, em carta dirigida \u00e0s associa\u00e7\u00f5es nacionais que integram a confedera\u00e7\u00e3o.<\/p>\n\n\n\n<p>A Libertadores de 2020 ainda tem sete clubes brasileiros na disputa pelo t\u00edtulo: Flamengo, Palmeiras, Athletico, S\u00e3o Paulo, Internacional, Gr\u00eamio e Santos. Na Copa Sul-Americana, s\u00e3o apenas dois: Vasco da Gama e Bahia.<\/p>\n\n\n\n<p>Os clubes que quiserem recorrer \u00e0 prerrogativa devem comunicar a solicita\u00e7\u00e3o a cada associa\u00e7\u00e3o nacional -no caso do Brasil, \u00e0 CBF. A entidade ent\u00e3o ir\u00e1 gestionar com a Conmebol.<\/p>\n","protected":false},"excerpt":{"rendered":"<p>A Conmebol anunciou quinta (26) que ir\u00e1 adiantar verbas a clubes que ainda est\u00e3o disputando a Copa Libertadores da Am\u00e9rica ou a Copa Sul-Americana, ambas&hellip; <\/p>\n","protected":false},"author":2,"featured_media":160811,"comment_status":"closed","ping_status":"closed","sticky":false,"template":"","format":"standard","meta":{"sfsi_plus_gutenberg_text_before_share":"","sfsi_plus_gutenberg_show_text_before_share":"","sfsi_plus_gutenberg_icon_type":"","sfsi_plus_gutenberg_icon_alignemt":"","sfsi_plus_gutenburg_max_per_row":"","footnotes":""},"categories":[13],"tags":[],"class_list":["post-160810","post","type-post","status-publish","format-standard","has-post-thumbnail","hentry","category-esportes"],"_links":{"self":[{"href":"https:\/\/www.caririemacao.com\/1\/wp-json\/wp\/v2\/posts\/160810","targetHints":{"allow":["GET"]}}],"collection":[{"href":"https:\/\/www.caririemacao.com\/1\/wp-json\/wp\/v2\/posts"}],"about":[{"href":"https:\/\/www.caririemacao.com\/1\/wp-json\/wp\/v2\/types\/post"}],"author":[{"embeddable":true,"href":"https:\/\/www.caririemacao.com\/1\/wp-json\/wp\/v2\/users\/2"}],"replies":[{"embeddable":true,"href":"https:\/\/www.caririemacao.com\/1\/wp-json\/wp\/v2\/comments?post=160810"}],"version-history":[{"count":1,"href":"https:\/\/www.caririemacao.com\/1\/wp-json\/wp\/v2\/posts\/160810\/revisions"}],"predecessor-version":[{"id":160812,"href":"https:\/\/www.caririemacao.com\/1\/wp-json\/wp\/v2\/posts\/160810\/revisions\/160812"}],"wp:featuredmedia":[{"embeddable":true,"href":"https:\/\/www.caririemacao.com\/1\/wp-json\/wp\/v2\/media\/160811"}],"wp:attachment":[{"href":"https:\/\/www.caririemacao.com\/1\/wp-json\/wp\/v2\/media?parent=160810"}],"wp:term":[{"taxonomy":"category","embeddable":true,"href":"https:\/\/www.caririemacao.com\/1\/wp-json\/wp\/v2\/categories?post=160810"},{"taxonomy":"post_tag","embeddable":true,"href":"https:\/\/www.caririemacao.com\/1\/wp-json\/wp\/v2\/tags?post=160810"}],"curies":[{"name":"wp","href":"https:\/\/api.w.org\/{rel}","templated":true}]}}