{"id":160815,"date":"2020-03-28T13:09:09","date_gmt":"2020-03-28T16:09:09","guid":{"rendered":"http:\/\/www.caririemacao.com\/1\/?p=160815"},"modified":"2020-03-28T13:09:11","modified_gmt":"2020-03-28T16:09:11","slug":"prefeito-adriano-wolff-agradece-publicamente-ao-governador-joao-azevedo-por-ajuda-e-doacao-de-colchoes-apos-enchente","status":"publish","type":"post","link":"https:\/\/www.caririemacao.com\/1\/2020\/03\/28\/prefeito-adriano-wolff-agradece-publicamente-ao-governador-joao-azevedo-por-ajuda-e-doacao-de-colchoes-apos-enchente\/","title":{"rendered":"Prefeito Adriano Wolff agradece publicamente ao governador Jo\u00e3o Azev\u00eado por ajuda e doa\u00e7\u00e3o de colch\u00f5es ap\u00f3s enchente"},"content":{"rendered":"\n<p>O Prefeito Adriano Wolff em nome de todos os cidad\u00e3os do munic\u00edpio de S\u00e3o Sebasti\u00e3o do Umbuzeiro agradeceu ao Governador do estado da Para\u00edba Jo\u00e3o Azev\u00eado pela disponibilidade e a doa\u00e7\u00e3o dos colch\u00f5es que foi realizada para amenizar a situa\u00e7\u00e3o das fam\u00edlias que perderam tudo na\u00a0\u00a0enchente da \u00faltima segunda feira.<\/p>\n\n\n\n<p><br>\u201cAgradecemos ao governador Jo\u00e3o Azev\u00eado pelo atendimento \u00e0 nossa solicita\u00e7\u00e3o em nome de todos os saosebastianenses, pois neste momento de dificuldades n\u00e3o faltou disponibilidade por parte do Governo do estado na pessoa do governador Jo\u00e3o\u201d, disse Adriano.<\/p>\n\n\n\n<p><br>\u201cNestes momentos \u00e9 que sabemos que temos um governo estadual que lan\u00e7a seu olhar para todos os recantos do estado, e gra\u00e7as \u00e0 nossa parceria, o governador n\u00e3o pensou duas vezes, e de imediato se prontificou em nos ajudar\u201d, completou o prefeito.<\/p>\n\n\n\n<p><br><strong>F\u00c1BIO BRITO<\/strong><br><\/p>\n","protected":false},"excerpt":{"rendered":"<p>O Prefeito Adriano Wolff em nome de todos os cidad\u00e3os do munic\u00edpio de S\u00e3o Sebasti\u00e3o do Umbuzeiro agradeceu ao Governador do estado da Para\u00edba Jo\u00e3o&hellip; <\/p>\n","protected":false},"author":2,"featured_media":24927,"comment_status":"closed","ping_status":"closed","sticky":false,"template":"","format":"standard","meta":{"sfsi_plus_gutenberg_text_before_share":"","sfsi_plus_gutenberg_show_text_before_share":"","sfsi_plus_gutenberg_icon_type":"","sfsi_plus_gutenberg_icon_alignemt":"","sfsi_plus_gutenburg_max_per_row":"","footnotes":""},"categories":[6],"tags":[],"class_list":["post-160815","post","type-post","status-publish","format-standard","has-post-thumbnail","hentry","category-cidades"],"_links":{"self":[{"href":"https:\/\/www.caririemacao.com\/1\/wp-json\/wp\/v2\/posts\/160815","targetHints":{"allow":["GET"]}}],"collection":[{"href":"https:\/\/www.caririemacao.com\/1\/wp-json\/wp\/v2\/posts"}],"about":[{"href":"https:\/\/www.caririemacao.com\/1\/wp-json\/wp\/v2\/types\/post"}],"author":[{"embeddable":true,"href":"https:\/\/www.caririemacao.com\/1\/wp-json\/wp\/v2\/users\/2"}],"replies":[{"embeddable":true,"href":"https:\/\/www.caririemacao.com\/1\/wp-json\/wp\/v2\/comments?post=160815"}],"version-history":[{"count":1,"href":"https:\/\/www.caririemacao.com\/1\/wp-json\/wp\/v2\/posts\/160815\/revisions"}],"predecessor-version":[{"id":160816,"href":"https:\/\/www.caririemacao.com\/1\/wp-json\/wp\/v2\/posts\/160815\/revisions\/160816"}],"wp:featuredmedia":[{"embeddable":true,"href":"https:\/\/www.caririemacao.com\/1\/wp-json\/wp\/v2\/media\/24927"}],"wp:attachment":[{"href":"https:\/\/www.caririemacao.com\/1\/wp-json\/wp\/v2\/media?parent=160815"}],"wp:term":[{"taxonomy":"category","embeddable":true,"href":"https:\/\/www.caririemacao.com\/1\/wp-json\/wp\/v2\/categories?post=160815"},{"taxonomy":"post_tag","embeddable":true,"href":"https:\/\/www.caririemacao.com\/1\/wp-json\/wp\/v2\/tags?post=160815"}],"curies":[{"name":"wp","href":"https:\/\/api.w.org\/{rel}","templated":true}]}}