{"id":160821,"date":"2020-03-28T13:13:13","date_gmt":"2020-03-28T16:13:13","guid":{"rendered":"http:\/\/www.caririemacao.com\/1\/?p=160821"},"modified":"2020-03-28T13:13:15","modified_gmt":"2020-03-28T16:13:15","slug":"golpistas-tentam-usar-nome-do-secretario-da-saude-em-golpe-envolvendo-distribuicao-de-equipamentos-de-protecao","status":"publish","type":"post","link":"https:\/\/www.caririemacao.com\/1\/2020\/03\/28\/golpistas-tentam-usar-nome-do-secretario-da-saude-em-golpe-envolvendo-distribuicao-de-equipamentos-de-protecao\/","title":{"rendered":"Golpistas tentam usar nome do Secret\u00e1rio da Sa\u00fade em golpe envolvendo distribui\u00e7\u00e3o de equipamentos de prote\u00e7\u00e3o"},"content":{"rendered":"\n<p>A Secretaria de Estado da Sa\u00fade comunica que foi aberto neste s\u00e1bado (28) um boletim de ocorr\u00eancia a respeito de um golpe envolvendo distribui\u00e7\u00e3o de equipamentos de prote\u00e7\u00e3o e insumos.<\/p>\n\n\n\n<p>As liga\u00e7\u00f5es, feitas pelo n\u00famero 981131888, utilizam o nome do Secret\u00e1rio de Sa\u00fade, Geraldo Medeiros.<\/p>\n\n\n\n<p>Em nota, a Secretaria de Estado da Sa\u00fade reiterou que toda a distribui\u00e7\u00e3o de equipamentos de prote\u00e7\u00e3o, bem como todos os insumos direcionados a sa\u00fade do Estado, seguem a log\u00edstica realizada pela \u00e1rea administrativa e pelo setor de transporte.<\/p>\n\n\n\n<p>Confira a nota na \u00edntegra abaixo:<\/p>\n\n\n\n<p><em>Governo da Paraiba<br>Secretaria de Estado da Sa\u00fade<\/em><\/p>\n\n\n\n<p><em>Nota<\/em><\/p>\n\n\n\n<p><em>A Secretaria de Estado da Sa\u00fade (SES) comunica que foi aberto um boletim de ocorr\u00eancia a respeito de liga\u00e7\u00f5es que utilizam o nome do secret\u00e1rio de sa\u00fade da Para\u00edba, Geraldo Medeiros, sobre uma suposta distribui\u00e7\u00e3o de EPIs vindos do Rio Grande do Norte. Trata-se de um contato falso atrav\u00e9s do n\u00famero 98113 \u2013 1888. A SES reitera que toda a distribui\u00e7\u00e3o de equipamentos de prote\u00e7\u00e3o, bem como todos os insumos direcionados a sa\u00fade do Estado, seguem a log\u00edstica realizada pela \u00e1rea administrativa e pelo setor de transporte.<\/em><\/p>\n\n\n\n<p><em>Ressaltamos que a cria\u00e7\u00e3o e repasse de not\u00edcias falsas \u00e9 crime e deve ser denunciado atrav\u00e9s da delegacia virtual ou pelo n\u00famero 197.<\/em><\/p>\n\n\n\n<p><em>Jo\u00e3o Pessoa, 28 de mar\u00e7o de 2020<\/em><\/p>\n","protected":false},"excerpt":{"rendered":"<p>A Secretaria de Estado da Sa\u00fade comunica que foi aberto neste s\u00e1bado (28) um boletim de ocorr\u00eancia a respeito de um golpe envolvendo distribui\u00e7\u00e3o de&hellip; <\/p>\n","protected":false},"author":2,"featured_media":160822,"comment_status":"closed","ping_status":"closed","sticky":false,"template":"","format":"standard","meta":{"sfsi_plus_gutenberg_text_before_share":"","sfsi_plus_gutenberg_show_text_before_share":"","sfsi_plus_gutenberg_icon_type":"","sfsi_plus_gutenberg_icon_alignemt":"","sfsi_plus_gutenburg_max_per_row":"","footnotes":""},"categories":[12],"tags":[],"class_list":["post-160821","post","type-post","status-publish","format-standard","has-post-thumbnail","hentry","category-policia"],"_links":{"self":[{"href":"https:\/\/www.caririemacao.com\/1\/wp-json\/wp\/v2\/posts\/160821","targetHints":{"allow":["GET"]}}],"collection":[{"href":"https:\/\/www.caririemacao.com\/1\/wp-json\/wp\/v2\/posts"}],"about":[{"href":"https:\/\/www.caririemacao.com\/1\/wp-json\/wp\/v2\/types\/post"}],"author":[{"embeddable":true,"href":"https:\/\/www.caririemacao.com\/1\/wp-json\/wp\/v2\/users\/2"}],"replies":[{"embeddable":true,"href":"https:\/\/www.caririemacao.com\/1\/wp-json\/wp\/v2\/comments?post=160821"}],"version-history":[{"count":1,"href":"https:\/\/www.caririemacao.com\/1\/wp-json\/wp\/v2\/posts\/160821\/revisions"}],"predecessor-version":[{"id":160823,"href":"https:\/\/www.caririemacao.com\/1\/wp-json\/wp\/v2\/posts\/160821\/revisions\/160823"}],"wp:featuredmedia":[{"embeddable":true,"href":"https:\/\/www.caririemacao.com\/1\/wp-json\/wp\/v2\/media\/160822"}],"wp:attachment":[{"href":"https:\/\/www.caririemacao.com\/1\/wp-json\/wp\/v2\/media?parent=160821"}],"wp:term":[{"taxonomy":"category","embeddable":true,"href":"https:\/\/www.caririemacao.com\/1\/wp-json\/wp\/v2\/categories?post=160821"},{"taxonomy":"post_tag","embeddable":true,"href":"https:\/\/www.caririemacao.com\/1\/wp-json\/wp\/v2\/tags?post=160821"}],"curies":[{"name":"wp","href":"https:\/\/api.w.org\/{rel}","templated":true}]}}