{"id":160826,"date":"2020-03-28T13:14:29","date_gmt":"2020-03-28T16:14:29","guid":{"rendered":"http:\/\/www.caririemacao.com\/1\/?p=160826"},"modified":"2020-03-28T13:14:30","modified_gmt":"2020-03-28T16:14:30","slug":"empresarios-de-joao-pessoa-fazem-carreata-por-abertura-do-comercio-em-meio-a-quarentena-contra-o-coronavirus","status":"publish","type":"post","link":"https:\/\/www.caririemacao.com\/1\/2020\/03\/28\/empresarios-de-joao-pessoa-fazem-carreata-por-abertura-do-comercio-em-meio-a-quarentena-contra-o-coronavirus\/","title":{"rendered":"Empres\u00e1rios de Jo\u00e3o Pessoa fazem carreata por abertura do com\u00e9rcio em meio a quarentena contra o coronav\u00edrus"},"content":{"rendered":"\n<p>Um grupo de comerciantes de Jo\u00e3o Pessoa realizou na manh\u00e3 deste s\u00e1bado (28) uma carreata em uma das principais avenidas da cidade, pedindo a abertura do com\u00e9rcio em meio a quarentena contra o coronav\u00edrus.&nbsp;<\/p>\n\n\n\n<p>A carreata foi agendada para ter in\u00edcio \u00e0s 09h da manh\u00e3, com ponto de partida a Pra\u00e7a dos Tr\u00eas Poderes. Em descida \u00e0 Av. Beira Rio, sentido praia, houve um &#8220;buzina\u00e7o&#8221;.<\/p>\n\n\n\n<p>Por volta das 11h30, a carreata iniciou uma aglomera\u00e7\u00e3o na Av. Epit\u00e1cio Pessoa, em frente ao P\u00e3o de A\u00e7\u00facar.<\/p>\n\n\n\n<figure><iframe width=\"500\" height=\"281\" data-src=\"https:\/\/www.youtube.com\/embed\/lRvip97dWfo\" allowfullscreen=\"\" src=\"data:image\/svg+xml;base64,PHN2ZyB3aWR0aD0iMSIgaGVpZ2h0PSIxIiB4bWxucz0iaHR0cDovL3d3dy53My5vcmcvMjAwMC9zdmciPjwvc3ZnPg==\" class=\"lazyload\" data-load-mode=\"1\"><\/iframe><\/figure>\n\n\n\n<p>Confira imagens abaixo:<\/p>\n\n\n\n<figure class=\"wp-block-image\"><img decoding=\"async\" data-src=\"https:\/\/www.clickpb.com.br\/media\/filer_public\/26\/d9\/26d9678d-1acd-4b2f-8a71-7ac7d25eb28a\/whatsapp_image_2020-03-28_at_113227.jpeg\" alt=\"\" src=\"data:image\/svg+xml;base64,PHN2ZyB3aWR0aD0iMSIgaGVpZ2h0PSIxIiB4bWxucz0iaHR0cDovL3d3dy53My5vcmcvMjAwMC9zdmciPjwvc3ZnPg==\" class=\"lazyload\" \/><\/figure>\n\n\n\n<figure class=\"wp-block-image\"><img decoding=\"async\" data-src=\"https:\/\/www.clickpb.com.br\/media\/filer_public\/cd\/46\/cd467ca1-5fa1-4e28-ac0f-87f4f53b1853\/whatsapp_image_2020-03-28_at_102815_1.jpeg\" alt=\"\" src=\"data:image\/svg+xml;base64,PHN2ZyB3aWR0aD0iMSIgaGVpZ2h0PSIxIiB4bWxucz0iaHR0cDovL3d3dy53My5vcmcvMjAwMC9zdmciPjwvc3ZnPg==\" class=\"lazyload\" \/><\/figure>\n","protected":false},"excerpt":{"rendered":"<p>Um grupo de comerciantes de Jo\u00e3o Pessoa realizou na manh\u00e3 deste s\u00e1bado (28) uma carreata em uma das principais avenidas da cidade, pedindo a abertura&hellip; <\/p>\n","protected":false},"author":2,"featured_media":160827,"comment_status":"closed","ping_status":"closed","sticky":false,"template":"","format":"standard","meta":{"sfsi_plus_gutenberg_text_before_share":"","sfsi_plus_gutenberg_show_text_before_share":"","sfsi_plus_gutenberg_icon_type":"","sfsi_plus_gutenberg_icon_alignemt":"","sfsi_plus_gutenburg_max_per_row":"","footnotes":""},"categories":[2],"tags":[],"class_list":["post-160826","post","type-post","status-publish","format-standard","has-post-thumbnail","hentry","category-geral"],"_links":{"self":[{"href":"https:\/\/www.caririemacao.com\/1\/wp-json\/wp\/v2\/posts\/160826","targetHints":{"allow":["GET"]}}],"collection":[{"href":"https:\/\/www.caririemacao.com\/1\/wp-json\/wp\/v2\/posts"}],"about":[{"href":"https:\/\/www.caririemacao.com\/1\/wp-json\/wp\/v2\/types\/post"}],"author":[{"embeddable":true,"href":"https:\/\/www.caririemacao.com\/1\/wp-json\/wp\/v2\/users\/2"}],"replies":[{"embeddable":true,"href":"https:\/\/www.caririemacao.com\/1\/wp-json\/wp\/v2\/comments?post=160826"}],"version-history":[{"count":1,"href":"https:\/\/www.caririemacao.com\/1\/wp-json\/wp\/v2\/posts\/160826\/revisions"}],"predecessor-version":[{"id":160828,"href":"https:\/\/www.caririemacao.com\/1\/wp-json\/wp\/v2\/posts\/160826\/revisions\/160828"}],"wp:featuredmedia":[{"embeddable":true,"href":"https:\/\/www.caririemacao.com\/1\/wp-json\/wp\/v2\/media\/160827"}],"wp:attachment":[{"href":"https:\/\/www.caririemacao.com\/1\/wp-json\/wp\/v2\/media?parent=160826"}],"wp:term":[{"taxonomy":"category","embeddable":true,"href":"https:\/\/www.caririemacao.com\/1\/wp-json\/wp\/v2\/categories?post=160826"},{"taxonomy":"post_tag","embeddable":true,"href":"https:\/\/www.caririemacao.com\/1\/wp-json\/wp\/v2\/tags?post=160826"}],"curies":[{"name":"wp","href":"https:\/\/api.w.org\/{rel}","templated":true}]}}