{"id":160831,"date":"2020-03-28T13:15:42","date_gmt":"2020-03-28T16:15:42","guid":{"rendered":"http:\/\/www.caririemacao.com\/1\/?p=160831"},"modified":"2020-03-28T13:15:43","modified_gmt":"2020-03-28T16:15:43","slug":"justica-do-rio-determina-suspensao-de-campanha-o-brasil-nao-pode-parar","status":"publish","type":"post","link":"https:\/\/www.caririemacao.com\/1\/2020\/03\/28\/justica-do-rio-determina-suspensao-de-campanha-o-brasil-nao-pode-parar\/","title":{"rendered":"Justi\u00e7a do Rio determina suspens\u00e3o de campanha \u201cO Brasil n\u00e3o pode parar\u201d"},"content":{"rendered":"\n<p>A ju\u00edza Laura Bastos Carvalho, da Justi\u00e7a Federal do Rio, deu uma liminar \u00e0s 4h30 da manh\u00e3 deste s\u00e1bado (28) suspendendo a campanha do governo federal \u201cO Brasil n\u00e3o pode parar\u201d.<\/p>\n\n\n\n<p>Pela decis\u00e3o, o governo deve se abster de veicular, por r\u00e1dio, televis\u00e3o, jornais, revistas, sites ou qualquer outro meio, f\u00edsico ou digital, pe\u00e7as publicit\u00e1rias relativas \u00e0 campanha \u201cO Brasil n\u00e3o pode parar\u201d, ou qualquer outra que sugira \u00e0 popula\u00e7\u00e3o brasileira comportamentos que n\u00e3o estejam estritamente embasados em diretrizes t\u00e9cnicas.<\/p>\n\n\n\n<p>A determina\u00e7\u00e3o atende a pedido feito pelo Minist\u00e9rio P\u00fablico Federal na noite desta sexta-feira. Para o MPF, a campanha pode induzir a popula\u00e7\u00e3o a se comportar de forma prejudicial ou perigosa \u00e0 sa\u00fade.<\/p>\n\n\n\n<p>A magistrada aponta que o material, apesar de \u201cdespido de conte\u00fado informacional ou educativo\u201d, o material pode transmitir orienta\u00e7\u00e3o social.<\/p>\n\n\n\n<p>Citando estudos internacionais, como o elaborado pelo Imperial College de Londres, a ju\u00edza pondera que \u201co incentivo para que a popula\u00e7\u00e3o saia \u00e0s ruas e retome sua rotina, sem que haja um plano de combate \u00e0 pandemia definido e amplamente divulgado, pode violar os princ\u00edpios da precau\u00e7\u00e3o e da preven\u00e7\u00e3o, podendo, ainda, resultar em prote\u00e7\u00e3o deficiente do direito constitucional \u00e0 sa\u00fade, tanto em seu vi\u00e9s individual, como coletivo\u201d.<\/p>\n\n\n\n<p>Segundo ela, \u201cessa prote\u00e7\u00e3o deficiente impactaria desproporcionalmente os grupos vulner\u00e1veis, notadamente os idosos e pobres\u201d.<\/p>\n\n\n\n<p>\u201cA repercuss\u00e3o que tal campanha alcan\u00e7aria se promovida amplamente pela Uni\u00e3o, sem a devida informa\u00e7\u00e3o sobre os riscos e potenciais consequ\u00eancias para a sa\u00fade individual e coletiva, poderia trazer danos irrepar\u00e1veis \u00e0 popula\u00e7\u00e3o\u201d, completou.<\/p>\n\n\n\n<p>O governo poder\u00e1 recorrer da decis\u00e3o.<\/p>\n","protected":false},"excerpt":{"rendered":"<p>A ju\u00edza Laura Bastos Carvalho, da Justi\u00e7a Federal do Rio, deu uma liminar \u00e0s 4h30 da manh\u00e3 deste s\u00e1bado (28) suspendendo a campanha do governo&hellip; <\/p>\n","protected":false},"author":2,"featured_media":159363,"comment_status":"closed","ping_status":"closed","sticky":false,"template":"","format":"standard","meta":{"sfsi_plus_gutenberg_text_before_share":"","sfsi_plus_gutenberg_show_text_before_share":"","sfsi_plus_gutenberg_icon_type":"","sfsi_plus_gutenberg_icon_alignemt":"","sfsi_plus_gutenburg_max_per_row":"","footnotes":""},"categories":[2],"tags":[],"class_list":["post-160831","post","type-post","status-publish","format-standard","has-post-thumbnail","hentry","category-geral"],"_links":{"self":[{"href":"https:\/\/www.caririemacao.com\/1\/wp-json\/wp\/v2\/posts\/160831","targetHints":{"allow":["GET"]}}],"collection":[{"href":"https:\/\/www.caririemacao.com\/1\/wp-json\/wp\/v2\/posts"}],"about":[{"href":"https:\/\/www.caririemacao.com\/1\/wp-json\/wp\/v2\/types\/post"}],"author":[{"embeddable":true,"href":"https:\/\/www.caririemacao.com\/1\/wp-json\/wp\/v2\/users\/2"}],"replies":[{"embeddable":true,"href":"https:\/\/www.caririemacao.com\/1\/wp-json\/wp\/v2\/comments?post=160831"}],"version-history":[{"count":1,"href":"https:\/\/www.caririemacao.com\/1\/wp-json\/wp\/v2\/posts\/160831\/revisions"}],"predecessor-version":[{"id":160833,"href":"https:\/\/www.caririemacao.com\/1\/wp-json\/wp\/v2\/posts\/160831\/revisions\/160833"}],"wp:featuredmedia":[{"embeddable":true,"href":"https:\/\/www.caririemacao.com\/1\/wp-json\/wp\/v2\/media\/159363"}],"wp:attachment":[{"href":"https:\/\/www.caririemacao.com\/1\/wp-json\/wp\/v2\/media?parent=160831"}],"wp:term":[{"taxonomy":"category","embeddable":true,"href":"https:\/\/www.caririemacao.com\/1\/wp-json\/wp\/v2\/categories?post=160831"},{"taxonomy":"post_tag","embeddable":true,"href":"https:\/\/www.caririemacao.com\/1\/wp-json\/wp\/v2\/tags?post=160831"}],"curies":[{"name":"wp","href":"https:\/\/api.w.org\/{rel}","templated":true}]}}