{"id":160832,"date":"2020-03-28T13:35:48","date_gmt":"2020-03-28T16:35:48","guid":{"rendered":"http:\/\/www.caririemacao.com\/1\/?p=160832"},"modified":"2020-03-28T13:35:49","modified_gmt":"2020-03-28T16:35:49","slug":"ouro-velho-prefeitura-promove-acao-de-higienizacao-da-cidade-em-combate-ao-covid-19","status":"publish","type":"post","link":"https:\/\/www.caririemacao.com\/1\/2020\/03\/28\/ouro-velho-prefeitura-promove-acao-de-higienizacao-da-cidade-em-combate-ao-covid-19\/","title":{"rendered":"Ouro Velho: Prefeitura promove a\u00e7\u00e3o de higieniza\u00e7\u00e3o da cidade, em  combate ao Covid-19"},"content":{"rendered":"\n<p>A Prefeitura Municipal de Ouro Velho, juntamente com a Secretaria de Sa\u00fade, passaram a fazer um processo de higieniza\u00e7\u00e3o, em combate ao Covid-19, em toda a cidade de Ouro Velho. <\/p>\n\n\n\n<p>A a\u00e7\u00e3o est\u00e1 sob a coordena\u00e7\u00e3o da Secretaria Municipal de Sa\u00fade, com Liudmila Nunes, efetivada pelos Agentes de Endemias. <\/p>\n\n\n\n<figure class=\"wp-block-image size-large\"><img fetchpriority=\"high\" decoding=\"async\" width=\"768\" height=\"1024\" src=\"http:\/\/www.caririemacao.com\/1\/wp-content\/uploads\/2020\/03\/IMG-20200328-WA0062-768x1024.jpg\" alt=\"\" class=\"wp-image-160848\" srcset=\"https:\/\/www.caririemacao.com\/1\/wp-content\/uploads\/2020\/03\/IMG-20200328-WA0062-768x1024.jpg 768w, https:\/\/www.caririemacao.com\/1\/wp-content\/uploads\/2020\/03\/IMG-20200328-WA0062-225x300.jpg 225w, https:\/\/www.caririemacao.com\/1\/wp-content\/uploads\/2020\/03\/IMG-20200328-WA0062.jpg 960w\" sizes=\"(max-width: 768px) 100vw, 768px\" \/><\/figure>\n\n\n\n<p>A medida faz parte do processo de preven\u00e7\u00e3o contra o Covid-19, (Coronav\u00edrus), pandemia de n\u00edvel mundial que vem assuntando a popula\u00e7\u00e3o em todo o pa\u00eds. Sendo assim, seguindo as orienta\u00e7\u00f5es do Minist\u00e9rio da Sa\u00fade, a Prefeitura de Ouro Velho vem trabalhando para combatendo o novo v\u00edrus, e manter a popula\u00e7\u00e3o de Ouro Velho em seguran\u00e7a. <\/p>\n","protected":false},"excerpt":{"rendered":"<p>A Prefeitura Municipal de Ouro Velho, juntamente com a Secretaria de Sa\u00fade, passaram a fazer um processo de higieniza\u00e7\u00e3o, em combate ao Covid-19, em toda&hellip; <\/p>\n","protected":false},"author":1,"featured_media":160847,"comment_status":"closed","ping_status":"closed","sticky":false,"template":"","format":"standard","meta":{"sfsi_plus_gutenberg_text_before_share":"","sfsi_plus_gutenberg_show_text_before_share":"","sfsi_plus_gutenberg_icon_type":"","sfsi_plus_gutenberg_icon_alignemt":"","sfsi_plus_gutenburg_max_per_row":"","footnotes":""},"categories":[6,50,16],"tags":[],"class_list":["post-160832","post","type-post","status-publish","format-standard","has-post-thumbnail","hentry","category-cidades","category-destaque","category-saude"],"_links":{"self":[{"href":"https:\/\/www.caririemacao.com\/1\/wp-json\/wp\/v2\/posts\/160832","targetHints":{"allow":["GET"]}}],"collection":[{"href":"https:\/\/www.caririemacao.com\/1\/wp-json\/wp\/v2\/posts"}],"about":[{"href":"https:\/\/www.caririemacao.com\/1\/wp-json\/wp\/v2\/types\/post"}],"author":[{"embeddable":true,"href":"https:\/\/www.caririemacao.com\/1\/wp-json\/wp\/v2\/users\/1"}],"replies":[{"embeddable":true,"href":"https:\/\/www.caririemacao.com\/1\/wp-json\/wp\/v2\/comments?post=160832"}],"version-history":[{"count":1,"href":"https:\/\/www.caririemacao.com\/1\/wp-json\/wp\/v2\/posts\/160832\/revisions"}],"predecessor-version":[{"id":160849,"href":"https:\/\/www.caririemacao.com\/1\/wp-json\/wp\/v2\/posts\/160832\/revisions\/160849"}],"wp:featuredmedia":[{"embeddable":true,"href":"https:\/\/www.caririemacao.com\/1\/wp-json\/wp\/v2\/media\/160847"}],"wp:attachment":[{"href":"https:\/\/www.caririemacao.com\/1\/wp-json\/wp\/v2\/media?parent=160832"}],"wp:term":[{"taxonomy":"category","embeddable":true,"href":"https:\/\/www.caririemacao.com\/1\/wp-json\/wp\/v2\/categories?post=160832"},{"taxonomy":"post_tag","embeddable":true,"href":"https:\/\/www.caririemacao.com\/1\/wp-json\/wp\/v2\/tags?post=160832"}],"curies":[{"name":"wp","href":"https:\/\/api.w.org\/{rel}","templated":true}]}}