{"id":160835,"date":"2020-03-28T13:17:29","date_gmt":"2020-03-28T16:17:29","guid":{"rendered":"http:\/\/www.caririemacao.com\/1\/?p=160835"},"modified":"2020-03-28T13:17:31","modified_gmt":"2020-03-28T16:17:31","slug":"alerta-de-chuvas-com-perigo-potencial-para-todas-as-cidades-da-paraiba-e-emitido-pelo-inmet","status":"publish","type":"post","link":"https:\/\/www.caririemacao.com\/1\/2020\/03\/28\/alerta-de-chuvas-com-perigo-potencial-para-todas-as-cidades-da-paraiba-e-emitido-pelo-inmet\/","title":{"rendered":"Alerta de chuvas com perigo potencial para todas as cidades da Para\u00edba \u00e9 emitido pelo Inmet"},"content":{"rendered":"\n<p>Um alerta amarelo de chuvas com perigo potencial para toda Para\u00edba foi emitido na tarde desta sexta-feira (27) pelo&nbsp;Centro Virtual para Avisos de Eventos Meteorol\u00f3gicos Severos do Instituto Nacional de Meteorologia (Inmet). Todos os 223 munic\u00edpios paraibanos est\u00e3o inseridos no alerta, que vai at\u00e9 \u00e0s 10h de s\u00e1bado (28).<\/p>\n\n\n\n<p>Ainda de acordo com o Inmet, o alerta indica a possibilidade de chuva entre 20 e 30 mm\/h ou at\u00e9 50 mm\/dia. A notifica\u00e7\u00e3o aponta ainda baixo risco de alagamentos e pequenos deslizamentos em cidades com \u00e1reas de risco.<\/p>\n\n\n\n<p>Em caso de rajadas de vento, o Inmet orienta para que a popula\u00e7\u00e3o n\u00e3o enfrente o mau tempo, fique atento \u00e0s altera\u00e7\u00f5es nas encostas e evite usar aparelhos eletr\u00f4nicos ligados na tomada.<\/p>\n\n\n\n<p>O \u00f3rg\u00e3o orienta que as pessoas entrem em contato com a Defesa Civil, por meio do n\u00famero 199, e com o Corpo de Bombeiros, por meio do n\u00famero 193, caso haja qualquer problema.<\/p>\n\n\n\n<p><em>G1 PB<\/em><\/p>\n","protected":false},"excerpt":{"rendered":"<p>Um alerta amarelo de chuvas com perigo potencial para toda Para\u00edba foi emitido na tarde desta sexta-feira (27) pelo&nbsp;Centro Virtual para Avisos de Eventos Meteorol\u00f3gicos&hellip; <\/p>\n","protected":false},"author":2,"featured_media":160836,"comment_status":"closed","ping_status":"closed","sticky":false,"template":"","format":"standard","meta":{"sfsi_plus_gutenberg_text_before_share":"","sfsi_plus_gutenberg_show_text_before_share":"","sfsi_plus_gutenberg_icon_type":"","sfsi_plus_gutenberg_icon_alignemt":"","sfsi_plus_gutenburg_max_per_row":"","footnotes":""},"categories":[6],"tags":[],"class_list":["post-160835","post","type-post","status-publish","format-standard","has-post-thumbnail","hentry","category-cidades"],"_links":{"self":[{"href":"https:\/\/www.caririemacao.com\/1\/wp-json\/wp\/v2\/posts\/160835","targetHints":{"allow":["GET"]}}],"collection":[{"href":"https:\/\/www.caririemacao.com\/1\/wp-json\/wp\/v2\/posts"}],"about":[{"href":"https:\/\/www.caririemacao.com\/1\/wp-json\/wp\/v2\/types\/post"}],"author":[{"embeddable":true,"href":"https:\/\/www.caririemacao.com\/1\/wp-json\/wp\/v2\/users\/2"}],"replies":[{"embeddable":true,"href":"https:\/\/www.caririemacao.com\/1\/wp-json\/wp\/v2\/comments?post=160835"}],"version-history":[{"count":1,"href":"https:\/\/www.caririemacao.com\/1\/wp-json\/wp\/v2\/posts\/160835\/revisions"}],"predecessor-version":[{"id":160837,"href":"https:\/\/www.caririemacao.com\/1\/wp-json\/wp\/v2\/posts\/160835\/revisions\/160837"}],"wp:featuredmedia":[{"embeddable":true,"href":"https:\/\/www.caririemacao.com\/1\/wp-json\/wp\/v2\/media\/160836"}],"wp:attachment":[{"href":"https:\/\/www.caririemacao.com\/1\/wp-json\/wp\/v2\/media?parent=160835"}],"wp:term":[{"taxonomy":"category","embeddable":true,"href":"https:\/\/www.caririemacao.com\/1\/wp-json\/wp\/v2\/categories?post=160835"},{"taxonomy":"post_tag","embeddable":true,"href":"https:\/\/www.caririemacao.com\/1\/wp-json\/wp\/v2\/tags?post=160835"}],"curies":[{"name":"wp","href":"https:\/\/api.w.org\/{rel}","templated":true}]}}