{"id":160859,"date":"2020-03-28T14:42:00","date_gmt":"2020-03-28T17:42:00","guid":{"rendered":"http:\/\/www.caririemacao.com\/1\/?p=160859"},"modified":"2020-03-28T14:42:01","modified_gmt":"2020-03-28T17:42:01","slug":"em-arcoverde-mae-denuncia-filho-e-nora-por-trafico-de-drogas-ambos-sao-presos","status":"publish","type":"post","link":"https:\/\/www.caririemacao.com\/1\/2020\/03\/28\/em-arcoverde-mae-denuncia-filho-e-nora-por-trafico-de-drogas-ambos-sao-presos\/","title":{"rendered":"Em Arcoverde m\u00e3e denuncia filho e nora por tr\u00e1fico de drogas. Ambos s\u00e3o presos"},"content":{"rendered":"\n<p>Nesta sexta-feira, dia 27, as equipes do Malhas da lei do 3\u00baBPM e da Policia Civil e um PM de folga estavam na Delegacia Municipal, quando receberam informa\u00e7\u00f5es da testemunha que \u00e9 genitora de um dos imputados de de 22 anos de idade, onde esse, juntamente com sua companheira de 19 anos de idade, estava traficando drogas em sua resid\u00eancia.<\/p>\n\n\n\n<p>A testemunha, propriet\u00e1ria da resid\u00eancia, permitiu a entrada do policiamento, onde a mesma relatou que n\u00e3o aguentava mais a situa\u00e7\u00e3o de exposi\u00e7\u00e3o vivida por ela, filhos e netos devido o comercio il\u00edcito de entorpecente.<\/p>\n\n\n\n<p>Diante dos fatos, as equipes foram at\u00e9 o local e localizaram 14 pedras de crack, 01 balan\u00e7a de precis\u00e3o, 01 p\u00e9 de maconha, todos no quarto dos imputados como tamb\u00e9m 62,00 (sessenta e dois reais).<\/p>\n\n\n\n<p>Todos os envolvidos foram conduzidos a Delegacia de Pol\u00edcia de Arcoverde onde os imputados foram autuados em flagrante delito e aguardam audi\u00eancia de custodia.<\/p>\n\n\n\n<p>tribunadomoxoto<\/p>\n","protected":false},"excerpt":{"rendered":"<p>Nesta sexta-feira, dia 27, as equipes do Malhas da lei do 3\u00baBPM e da Policia Civil e um PM de folga estavam na Delegacia Municipal,&hellip; <\/p>\n","protected":false},"author":2,"featured_media":160860,"comment_status":"closed","ping_status":"closed","sticky":false,"template":"","format":"standard","meta":{"sfsi_plus_gutenberg_text_before_share":"","sfsi_plus_gutenberg_show_text_before_share":"","sfsi_plus_gutenberg_icon_type":"","sfsi_plus_gutenberg_icon_alignemt":"","sfsi_plus_gutenburg_max_per_row":"","footnotes":""},"categories":[12],"tags":[],"class_list":["post-160859","post","type-post","status-publish","format-standard","has-post-thumbnail","hentry","category-policia"],"_links":{"self":[{"href":"https:\/\/www.caririemacao.com\/1\/wp-json\/wp\/v2\/posts\/160859","targetHints":{"allow":["GET"]}}],"collection":[{"href":"https:\/\/www.caririemacao.com\/1\/wp-json\/wp\/v2\/posts"}],"about":[{"href":"https:\/\/www.caririemacao.com\/1\/wp-json\/wp\/v2\/types\/post"}],"author":[{"embeddable":true,"href":"https:\/\/www.caririemacao.com\/1\/wp-json\/wp\/v2\/users\/2"}],"replies":[{"embeddable":true,"href":"https:\/\/www.caririemacao.com\/1\/wp-json\/wp\/v2\/comments?post=160859"}],"version-history":[{"count":1,"href":"https:\/\/www.caririemacao.com\/1\/wp-json\/wp\/v2\/posts\/160859\/revisions"}],"predecessor-version":[{"id":160861,"href":"https:\/\/www.caririemacao.com\/1\/wp-json\/wp\/v2\/posts\/160859\/revisions\/160861"}],"wp:featuredmedia":[{"embeddable":true,"href":"https:\/\/www.caririemacao.com\/1\/wp-json\/wp\/v2\/media\/160860"}],"wp:attachment":[{"href":"https:\/\/www.caririemacao.com\/1\/wp-json\/wp\/v2\/media?parent=160859"}],"wp:term":[{"taxonomy":"category","embeddable":true,"href":"https:\/\/www.caririemacao.com\/1\/wp-json\/wp\/v2\/categories?post=160859"},{"taxonomy":"post_tag","embeddable":true,"href":"https:\/\/www.caririemacao.com\/1\/wp-json\/wp\/v2\/tags?post=160859"}],"curies":[{"name":"wp","href":"https:\/\/api.w.org\/{rel}","templated":true}]}}