{"id":160864,"date":"2020-03-28T14:44:26","date_gmt":"2020-03-28T17:44:26","guid":{"rendered":"http:\/\/www.caririemacao.com\/1\/?p=160864"},"modified":"2020-03-28T14:44:27","modified_gmt":"2020-03-28T17:44:27","slug":"governo-da-paraiba-anuncia-aquisicao-de-812-mil-testes-rapidos-epis-e-respiradores","status":"publish","type":"post","link":"https:\/\/www.caririemacao.com\/1\/2020\/03\/28\/governo-da-paraiba-anuncia-aquisicao-de-812-mil-testes-rapidos-epis-e-respiradores\/","title":{"rendered":"Governo da Para\u00edba anuncia aquisi\u00e7\u00e3o de 812 mil testes r\u00e1pidos, EPIs e respiradores"},"content":{"rendered":"\n<p><br>O governador Jo\u00e3o Azev\u00eado anunciou, neste s\u00e1bado (28), a aquisi\u00e7\u00e3o de 812 mil testes r\u00e1pidos e novos Equipamentos de Prote\u00e7\u00e3o Individual (EPIs).<\/p>\n\n\n\n<p>As aquisi\u00e7\u00f5es fazem parte do plano estadual de enfrentamento do novo coronav\u00edrus, que se estende a compra de 89 respiradores e ao aguardo da chegada de novos equipamentos do Minist\u00e9rio da Sa\u00fade (MS) para dar suporte aos pacientes da Covid-19 que precisar\u00e3o de atendimento m\u00e9dico, seja em leitos de enfermaria ou de Unidade de Terapia Intensiva (UTI).<\/p>\n\n\n\n<p>Al\u00e9m disso, a parceria do Minist\u00e9rio da Sa\u00fade com quatro ind\u00fastrias nacionais ir\u00e1 permitir a produ\u00e7\u00e3o de 700 respiradores por semana, que ser\u00e3o distribu\u00eddos aos Estados, incluindo a Para\u00edba que j\u00e1 fez o planejamento para oito ondas de atendimento hospitalar, que ser\u00e3o disparadas, paulatinamente, a partir da ocupa\u00e7\u00e3o de 50% dos leitos em cada uma delas, cuja composi\u00e7\u00e3o s\u00e3o de 30 leitos de enfermaria e 10 leitos de UTI.<\/p>\n\n\n\n<p>Ele tamb\u00e9m anunciou para a pr\u00f3xima ter\u00e7a-feira (31) o resultado do chamamento p\u00fablico para a sele\u00e7\u00e3o de 2.450 profissionais de Sa\u00fade.<\/p>\n\n\n\n<p>Ao todo, s\u00e3o 346 vagas para m\u00e9dicos, 1.606 para profissionais da enfermagem, 336 para Fisioterapeutas, 10 vagas para o Lacen-PB, 100 vagas para t\u00e9cnico em vigil\u00e2ncia em sa\u00fade, 50 para t\u00e9cnico em an\u00e1lises cl\u00ednicas e 5 vagas para videofonista.<\/p>\n\n\n\n<p>As vagas s\u00e3o para os munic\u00edpios de Cajazeiras, Campina Grande, Jo\u00e3o Pessoa, Mamanguape, Patos e Pombal e a contrata\u00e7\u00e3o ocorrer\u00e1 de acordo com a demanda das unidades hospitalares.<\/p>\n\n\n\n<p>O governador ainda destacou a atua\u00e7\u00e3o da Secretaria de Estado da Sa\u00fade (SES) no acompanhamento do trabalho dos munic\u00edpios na 22\u00aa Campanha Nacional de Vacina\u00e7\u00e3o contra a Influenza.<\/p>\n\n\n\n<figure class=\"wp-block-image\"><img decoding=\"async\" data-src=\"https:\/\/paraibaonline.com.br\/wp-content\/uploads\/2020\/03\/joao-azevedo-secretario-geraldo-medeiros-567x378.jpeg\" alt=\"Foto: Secom\/PB\" class=\"wp-image-844797 lazyload\" src=\"data:image\/svg+xml;base64,PHN2ZyB3aWR0aD0iMSIgaGVpZ2h0PSIxIiB4bWxucz0iaHR0cDovL3d3dy53My5vcmcvMjAwMC9zdmciPjwvc3ZnPg==\" style=\"--smush-placeholder-width: 567px; --smush-placeholder-aspect-ratio: 567\/378;\" \/><\/figure>\n\n\n\n<p>Foto: Secom\/PB<\/p>\n\n\n\n<p>A meta \u00e9 imunizar o maior n\u00famero poss\u00edvel do p\u00fablico-alvo. Mesmo diante da n\u00e3o efic\u00e1cia da vacina contra o coronav\u00edrus, essa \u00e9 uma forma de auxiliar os profissionais de sa\u00fade a descartar as influenzas na triagem e acelerar o diagn\u00f3stico para a Covid 19.<\/p>\n\n\n\n<p>J\u00e1 os \u00f3rg\u00e3os de fiscaliza\u00e7\u00e3o tamb\u00e9m t\u00eam atuado no confisco de estoque de fornecedores que insistem em praticar o sobrepre\u00e7o. O trabalho integrado de v\u00e1rias Secretarias tem o objetivo de garantir aos cidad\u00e3os da Para\u00edba o melhor atendimento diante do quadro projetado pelas autoridades sanit\u00e1rias.<\/p>\n\n\n\n<p>Ele parabenizou os profissionais da Sa\u00fade e da Seguran\u00e7a P\u00fablica e dos demais \u00f3rg\u00e3os, que t\u00eam atuado com despojamento e abnega\u00e7\u00e3o para atender aos paraibanos. \u201cPor isso, reafirmo nosso compromisso para assegurar mais prote\u00e7\u00e3o ao trabalho de todos que est\u00e3o na linha de frente da luta contra o coronav\u00edrus\u201d, disse.<\/p>\n\n\n\n<p>At\u00e9 a manh\u00e3 deste s\u00e1bado (28), a Para\u00edba contabiliza 14 casos confirmados da Covid-19, sendo 10 em Jo\u00e3o Pessoa, dois em Campina Grande, um em Sousa e um em Igaracy. A estimativa \u00e9 de que 65% dos casos se concentrem na Capital paraibana&nbsp;&nbsp;e 25% em Campina Grande. Nos demais munic\u00edpios, a previs\u00e3o \u00e9 de 10%.<\/p>\n","protected":false},"excerpt":{"rendered":"<p>O governador Jo\u00e3o Azev\u00eado anunciou, neste s\u00e1bado (28), a aquisi\u00e7\u00e3o de 812 mil testes r\u00e1pidos e novos Equipamentos de Prote\u00e7\u00e3o Individual (EPIs). As aquisi\u00e7\u00f5es fazem&hellip; <\/p>\n","protected":false},"author":2,"featured_media":160428,"comment_status":"closed","ping_status":"closed","sticky":false,"template":"","format":"standard","meta":{"sfsi_plus_gutenberg_text_before_share":"","sfsi_plus_gutenberg_show_text_before_share":"","sfsi_plus_gutenberg_icon_type":"","sfsi_plus_gutenberg_icon_alignemt":"","sfsi_plus_gutenburg_max_per_row":"","footnotes":""},"categories":[2],"tags":[],"class_list":["post-160864","post","type-post","status-publish","format-standard","has-post-thumbnail","hentry","category-geral"],"_links":{"self":[{"href":"https:\/\/www.caririemacao.com\/1\/wp-json\/wp\/v2\/posts\/160864","targetHints":{"allow":["GET"]}}],"collection":[{"href":"https:\/\/www.caririemacao.com\/1\/wp-json\/wp\/v2\/posts"}],"about":[{"href":"https:\/\/www.caririemacao.com\/1\/wp-json\/wp\/v2\/types\/post"}],"author":[{"embeddable":true,"href":"https:\/\/www.caririemacao.com\/1\/wp-json\/wp\/v2\/users\/2"}],"replies":[{"embeddable":true,"href":"https:\/\/www.caririemacao.com\/1\/wp-json\/wp\/v2\/comments?post=160864"}],"version-history":[{"count":1,"href":"https:\/\/www.caririemacao.com\/1\/wp-json\/wp\/v2\/posts\/160864\/revisions"}],"predecessor-version":[{"id":160865,"href":"https:\/\/www.caririemacao.com\/1\/wp-json\/wp\/v2\/posts\/160864\/revisions\/160865"}],"wp:featuredmedia":[{"embeddable":true,"href":"https:\/\/www.caririemacao.com\/1\/wp-json\/wp\/v2\/media\/160428"}],"wp:attachment":[{"href":"https:\/\/www.caririemacao.com\/1\/wp-json\/wp\/v2\/media?parent=160864"}],"wp:term":[{"taxonomy":"category","embeddable":true,"href":"https:\/\/www.caririemacao.com\/1\/wp-json\/wp\/v2\/categories?post=160864"},{"taxonomy":"post_tag","embeddable":true,"href":"https:\/\/www.caririemacao.com\/1\/wp-json\/wp\/v2\/tags?post=160864"}],"curies":[{"name":"wp","href":"https:\/\/api.w.org\/{rel}","templated":true}]}}